{"id":5116,"date":"2020-04-17T03:53:13","date_gmt":"2020-04-17T07:53:13","guid":{"rendered":"https:\/\/www.pedroandretta.info\/index\/?p=5116"},"modified":"2020-04-17T03:53:13","modified_gmt":"2020-04-17T07:53:13","slug":"lancamento-deslocamentos-esteticos-uma-obra-organizada-por-um-bibliotecario","status":"publish","type":"post","link":"https:\/\/www.pedroandretta.info\/index\/2020\/04\/lancamento-deslocamentos-esteticos-uma-obra-organizada-por-um-bibliotecario\/","title":{"rendered":"Lan\u00e7amento \u201cDeslocamentos est\u00e9ticos&#8221;| (Uma obra organizada por um bibliotec\u00e1rio,&#8230;"},"content":{"rendered":"<p>[ad_1]<\/p>\n<blockquote class=\"twitter-tweet\">\n<p lang=\"pt\" dir=\"ltr\">Lan\u00e7amento \u201cDeslocamentos est\u00e9ticos&quot;| (Uma obra organizada por um bibliotec\u00e1rio, doutor em <a target=\"_blank\" href=\"https:\/\/twitter.com\/hashtag\/Literatura?src=hash&amp;ref_src=twsrc%5Etfw\" rel=\"noopener noreferrer\">#Literatura<\/a> ! Oportunidade aos bibliotec\u00e1rios de aprimorarem as discuss\u00f5es liter\u00e1rias nas a\u00e7\u00f5es de media\u00e7\u00e3o da leitura, clubes de leitura e tert\u00falias liter\u00e1rias!) <a target=\"_blank\" href=\"https:\/\/t.co\/TIB8emnhkQ\" rel=\"noopener noreferrer\">https:\/\/t.co\/TIB8emnhkQ<\/a> <a target=\"_blank\" href=\"https:\/\/t.co\/RdoLaXi9oJ\" rel=\"noopener noreferrer\">pic.twitter.com\/RdoLaXi9oJ<\/a><\/p>\n<p>&mdash; Pedro Andretta (@pedroisandretta) <a target=\"_blank\" href=\"https:\/\/twitter.com\/pedroisandretta\/status\/1251056106224455680?ref_src=twsrc%5Etfw\" rel=\"noopener noreferrer\">April 17, 2020<\/a><\/p><\/blockquote>\n<p><script async src=\"https:\/\/platform.twitter.com\/widgets.js\" charset=\"utf-8\"><\/script><\/p>\n<p>[ad_2]<br \/>\n<br \/><a href=\"https:\/\/twitter.com\/pedroisandretta\/statuses\/1251056106224455680\">Source<\/a> by <a href=\"https:\/\/t.co\/MfIsGWjH1p\">Pedro Andretta<\/a><\/p>\n","protected":false},"excerpt":{"rendered":"<p>[ad_1] Lan\u00e7amento \u201cDeslocamentos est\u00e9ticos&quot;| (Uma obra organizada por um bibliotec\u00e1rio, doutor em #Literatura ! Oportunidade aos bibliotec\u00e1rios de aprimorarem as discuss\u00f5es liter\u00e1rias nas a\u00e7\u00f5es de media\u00e7\u00e3o da leitura, clubes de leitura e tert\u00falias liter\u00e1rias!) https:\/\/t.co\/TIB8emnhkQ pic.twitter.com\/RdoLaXi9oJ &mdash; Pedro Andretta (@pedroisandretta) April 17, 2020 [ad_2] Source by Pedro Andretta<\/p>\n","protected":false},"author":1,"featured_media":0,"comment_status":"open","ping_status":"open","sticky":false,"template":"","format":"standard","meta":{"_jetpack_memberships_contains_paid_content":false,"footnotes":"","jetpack_publicize_message":"","jetpack_publicize_feature_enabled":true,"jetpack_social_post_already_shared":true,"jetpack_social_options":{"image_generator_settings":{"template":"highway","default_image_id":0,"font":"","enabled":false},"version":2}},"categories":[21],"tags":[150],"class_list":["post-5116","post","type-post","status-publish","format-standard","hentry","category-informeci","tag-literatura"],"jetpack_publicize_connections":[],"jetpack_featured_media_url":"","views":"","jetpack_sharing_enabled":true,"_links":{"self":[{"href":"https:\/\/www.pedroandretta.info\/index\/wp-json\/wp\/v2\/posts\/5116","targetHints":{"allow":["GET"]}}],"collection":[{"href":"https:\/\/www.pedroandretta.info\/index\/wp-json\/wp\/v2\/posts"}],"about":[{"href":"https:\/\/www.pedroandretta.info\/index\/wp-json\/wp\/v2\/types\/post"}],"author":[{"embeddable":true,"href":"https:\/\/www.pedroandretta.info\/index\/wp-json\/wp\/v2\/users\/1"}],"replies":[{"embeddable":true,"href":"https:\/\/www.pedroandretta.info\/index\/wp-json\/wp\/v2\/comments?post=5116"}],"version-history":[{"count":0,"href":"https:\/\/www.pedroandretta.info\/index\/wp-json\/wp\/v2\/posts\/5116\/revisions"}],"wp:attachment":[{"href":"https:\/\/www.pedroandretta.info\/index\/wp-json\/wp\/v2\/media?parent=5116"}],"wp:term":[{"taxonomy":"category","embeddable":true,"href":"https:\/\/www.pedroandretta.info\/index\/wp-json\/wp\/v2\/categories?post=5116"},{"taxonomy":"post_tag","embeddable":true,"href":"https:\/\/www.pedroandretta.info\/index\/wp-json\/wp\/v2\/tags?post=5116"}],"curies":[{"name":"wp","href":"https:\/\/api.w.org\/{rel}","templated":true}]}}