{"id":5123,"date":"2020-04-17T13:30:22","date_gmt":"2020-04-17T17:30:22","guid":{"rendered":"https:\/\/www.pedroandretta.info\/index\/?p=5123"},"modified":"2020-04-17T13:30:22","modified_gmt":"2020-04-17T17:30:22","slug":"descolonizacao-de-obras-em-museus-questiona-a-quem-pertence-a-historia-o-mus","status":"publish","type":"post","link":"https:\/\/www.pedroandretta.info\/index\/2020\/04\/descolonizacao-de-obras-em-museus-questiona-a-quem-pertence-a-historia-o-mus\/","title":{"rendered":"#Descoloniza\u00e7\u00e3o de obras em #museus questiona a quem pertence a hist\u00f3ria| \u201cO mus&#8230;"},"content":{"rendered":"<p>[ad_1]<br \/>\n<img data-recalc-dims=\"1\" decoding=\"async\" src=\"https:\/\/i0.wp.com\/www.pedroandretta.info\/index\/wp-content\/uploads\/2020\/04\/Descolonizacao-de-obras-em-museus-questiona-a-quem-pertence-a.jpg?w=696&#038;ssl=1\"\/><\/p>\n<blockquote class=\"twitter-tweet\">\n<p lang=\"pt\" dir=\"ltr\"><a target=\"_blank\" href=\"https:\/\/twitter.com\/hashtag\/Descoloniza%C3%A7%C3%A3o?src=hash&amp;ref_src=twsrc%5Etfw\" rel=\"noopener noreferrer\">#Descoloniza\u00e7\u00e3o<\/a> de obras em <a target=\"_blank\" href=\"https:\/\/twitter.com\/hashtag\/museus?src=hash&amp;ref_src=twsrc%5Etfw\" rel=\"noopener noreferrer\">#museus<\/a> questiona a quem pertence a hist\u00f3ria| \u201cO museu como conhecemos hoje surgiu no s\u00e9culo 18 nos grandes pa\u00edses colonizadores. &quot;A concep\u00e7\u00e3o do museu \u00e9 muito ligada a experi\u00eancias coloniais&quot;, diz Amanda Carneiro [&#8230;]\u201d via TAB <a target=\"_blank\" href=\"https:\/\/t.co\/hVqNHVP0wZ\" rel=\"noopener noreferrer\">https:\/\/t.co\/hVqNHVP0wZ<\/a><\/p>\n<p>&mdash; Pedro Andretta (@pedroisandretta) <a target=\"_blank\" href=\"https:\/\/twitter.com\/pedroisandretta\/status\/1251201347384487939?ref_src=twsrc%5Etfw\" rel=\"noopener noreferrer\">April 17, 2020<\/a><\/p><\/blockquote>\n<p><script async src=\"https:\/\/platform.twitter.com\/widgets.js\" charset=\"utf-8\"><\/script><\/p>\n<p>[ad_2]<br \/>\n<br \/><a href=\"https:\/\/twitter.com\/pedroisandretta\/statuses\/1251201347384487939\">Source<\/a> by <a href=\"https:\/\/t.co\/MfIsGWjH1p\">Pedro Andretta<\/a><\/p>\n","protected":false},"excerpt":{"rendered":"<p>[ad_1] #Descoloniza\u00e7\u00e3o de obras em #museus questiona a quem pertence a hist\u00f3ria| \u201cO museu como conhecemos hoje surgiu no s\u00e9culo 18 nos grandes pa\u00edses colonizadores. &quot;A concep\u00e7\u00e3o do museu \u00e9 muito ligada a experi\u00eancias coloniais&quot;, diz Amanda Carneiro [&#8230;]\u201d via TAB https:\/\/t.co\/hVqNHVP0wZ &mdash; Pedro Andretta (@pedroisandretta) April 17, 2020 [ad_2] Source by Pedro Andretta<\/p>\n","protected":false},"author":1,"featured_media":5124,"comment_status":"open","ping_status":"open","sticky":false,"template":"","format":"standard","meta":{"_jetpack_memberships_contains_paid_content":false,"footnotes":"","jetpack_publicize_message":"","jetpack_publicize_feature_enabled":true,"jetpack_social_post_already_shared":true,"jetpack_social_options":{"image_generator_settings":{"template":"highway","default_image_id":0,"font":"","enabled":false},"version":2}},"categories":[21],"tags":[727,34],"class_list":["post-5123","post","type-post","status-publish","format-standard","has-post-thumbnail","hentry","category-informeci","tag-descolonizacao","tag-museus"],"jetpack_publicize_connections":[],"jetpack_featured_media_url":"https:\/\/i0.wp.com\/www.pedroandretta.info\/index\/wp-content\/uploads\/2020\/04\/Descolonizacao-de-obras-em-museus-questiona-a-quem-pertence-a.jpg?fit=615%2C300&ssl=1","views":"","jetpack_sharing_enabled":true,"_links":{"self":[{"href":"https:\/\/www.pedroandretta.info\/index\/wp-json\/wp\/v2\/posts\/5123","targetHints":{"allow":["GET"]}}],"collection":[{"href":"https:\/\/www.pedroandretta.info\/index\/wp-json\/wp\/v2\/posts"}],"about":[{"href":"https:\/\/www.pedroandretta.info\/index\/wp-json\/wp\/v2\/types\/post"}],"author":[{"embeddable":true,"href":"https:\/\/www.pedroandretta.info\/index\/wp-json\/wp\/v2\/users\/1"}],"replies":[{"embeddable":true,"href":"https:\/\/www.pedroandretta.info\/index\/wp-json\/wp\/v2\/comments?post=5123"}],"version-history":[{"count":0,"href":"https:\/\/www.pedroandretta.info\/index\/wp-json\/wp\/v2\/posts\/5123\/revisions"}],"wp:featuredmedia":[{"embeddable":true,"href":"https:\/\/www.pedroandretta.info\/index\/wp-json\/wp\/v2\/media\/5124"}],"wp:attachment":[{"href":"https:\/\/www.pedroandretta.info\/index\/wp-json\/wp\/v2\/media?parent=5123"}],"wp:term":[{"taxonomy":"category","embeddable":true,"href":"https:\/\/www.pedroandretta.info\/index\/wp-json\/wp\/v2\/categories?post=5123"},{"taxonomy":"post_tag","embeddable":true,"href":"https:\/\/www.pedroandretta.info\/index\/wp-json\/wp\/v2\/tags?post=5123"}],"curies":[{"name":"wp","href":"https:\/\/api.w.org\/{rel}","templated":true}]}}