{"id":5278,"date":"2020-04-24T23:19:21","date_gmt":"2020-04-25T03:19:21","guid":{"rendered":"https:\/\/www.pedroandretta.info\/index\/?p=5278"},"modified":"2020-04-24T23:19:21","modified_gmt":"2020-04-25T03:19:21","slug":"qual-o-impacto-do-covid19-em-10-milhoes-de-meninas-em-idade-escolar-vale-a-pe","status":"publish","type":"post","link":"https:\/\/www.pedroandretta.info\/index\/2020\/04\/qual-o-impacto-do-covid19-em-10-milhoes-de-meninas-em-idade-escolar-vale-a-pe\/","title":{"rendered":"Qual o impacto do COVID19 em 10 milh\u00f5es de meninas em idade escolar? | Vale a pe&#8230;"},"content":{"rendered":"<p>[ad_1]<\/p>\n<blockquote class=\"twitter-tweet\">\n<p lang=\"pt\" dir=\"ltr\">Qual o impacto do COVID19 em 10 milh\u00f5es de meninas em idade escolar? | Vale a pena ver o relat\u00f3rio da Funda\u00e7\u00e3o Malala e as notas de fim, com links para os relat\u00f3rios da UNESCO sobre <a target=\"_blank\" href=\"https:\/\/twitter.com\/hashtag\/Educa%C3%A7%C3%A3o?src=hash&amp;ref_src=twsrc%5Etfw\" rel=\"noopener noreferrer\">#Educa\u00e7\u00e3o<\/a> e <a target=\"_blank\" href=\"https:\/\/twitter.com\/hashtag\/Covid19?src=hash&amp;ref_src=twsrc%5Etfw\" rel=\"noopener noreferrer\">#Covid19<\/a> ! \ud83c\uddea\ud83c\uddf8 via \u2066<a target=\"_blank\" href=\"https:\/\/twitter.com\/sbibliotecario?ref_src=twsrc%5Etfw\" rel=\"noopener noreferrer\">@sbibliotecario<\/a>\u2069 Soy Bibliotec\u00e1rio  <a target=\"_blank\" href=\"https:\/\/t.co\/GdKJpuCvcU\" rel=\"noopener noreferrer\">https:\/\/t.co\/GdKJpuCvcU<\/a><\/p>\n<p>&mdash; Pedro Andretta (@pedroisandretta) <a target=\"_blank\" href=\"https:\/\/twitter.com\/pedroisandretta\/status\/1253886284919115778?ref_src=twsrc%5Etfw\" rel=\"noopener noreferrer\">April 25, 2020<\/a><\/p><\/blockquote>\n<p><script async src=\"https:\/\/platform.twitter.com\/widgets.js\" charset=\"utf-8\"><\/script><\/p>\n<p>[ad_2]<br \/>\n<br \/><a href=\"https:\/\/twitter.com\/pedroisandretta\/statuses\/1253886284919115778\">Fonte<\/a> Projeto <a href=\"https:\/\/www.pedroandretta.info\/informeci\">Informe-CI<\/a><\/p>\n","protected":false},"excerpt":{"rendered":"<p>[ad_1] Qual o impacto do COVID19 em 10 milh\u00f5es de meninas em idade escolar? | Vale a pena ver o relat\u00f3rio da Funda\u00e7\u00e3o Malala e as notas de fim, com links para os relat\u00f3rios da UNESCO sobre #Educa\u00e7\u00e3o e #Covid19 ! \ud83c\uddea\ud83c\uddf8 via \u2066@sbibliotecario\u2069 Soy Bibliotec\u00e1rio https:\/\/t.co\/GdKJpuCvcU &mdash; Pedro Andretta (@pedroisandretta) April 25, 2020 [ad_2]<\/p><\/div>\n<div class=\"blog-btn\"><a href=\"https:\/\/www.pedroandretta.info\/index\/2020\/04\/qual-o-impacto-do-covid19-em-10-milhoes-de-meninas-em-idade-escolar-vale-a-pe\/\" class=\"home-blog-btn\">Ler mais<\/a><\/p>\n","protected":false},"author":1,"featured_media":0,"comment_status":"open","ping_status":"open","sticky":false,"template":"","format":"standard","meta":{"_jetpack_memberships_contains_paid_content":false,"footnotes":"","jetpack_publicize_message":"","jetpack_publicize_feature_enabled":true,"jetpack_social_post_already_shared":true,"jetpack_social_options":{"image_generator_settings":{"template":"highway","default_image_id":0,"font":"","enabled":false},"version":2}},"categories":[21],"tags":[618,45],"class_list":["post-5278","post","type-post","status-publish","format-standard","hentry","category-informeci","tag-covid19","tag-educacao"],"jetpack_publicize_connections":[],"jetpack_featured_media_url":"","views":"","jetpack_sharing_enabled":true,"_links":{"self":[{"href":"https:\/\/www.pedroandretta.info\/index\/wp-json\/wp\/v2\/posts\/5278","targetHints":{"allow":["GET"]}}],"collection":[{"href":"https:\/\/www.pedroandretta.info\/index\/wp-json\/wp\/v2\/posts"}],"about":[{"href":"https:\/\/www.pedroandretta.info\/index\/wp-json\/wp\/v2\/types\/post"}],"author":[{"embeddable":true,"href":"https:\/\/www.pedroandretta.info\/index\/wp-json\/wp\/v2\/users\/1"}],"replies":[{"embeddable":true,"href":"https:\/\/www.pedroandretta.info\/index\/wp-json\/wp\/v2\/comments?post=5278"}],"version-history":[{"count":0,"href":"https:\/\/www.pedroandretta.info\/index\/wp-json\/wp\/v2\/posts\/5278\/revisions"}],"wp:attachment":[{"href":"https:\/\/www.pedroandretta.info\/index\/wp-json\/wp\/v2\/media?parent=5278"}],"wp:term":[{"taxonomy":"category","embeddable":true,"href":"https:\/\/www.pedroandretta.info\/index\/wp-json\/wp\/v2\/categories?post=5278"},{"taxonomy":"post_tag","embeddable":true,"href":"https:\/\/www.pedroandretta.info\/index\/wp-json\/wp\/v2\/tags?post=5278"}],"curies":[{"name":"wp","href":"https:\/\/api.w.org\/{rel}","templated":true}]}}