{"id":5302,"date":"2020-04-26T18:38:50","date_gmt":"2020-04-26T22:38:50","guid":{"rendered":"https:\/\/www.pedroandretta.info\/index\/?p=5302"},"modified":"2020-04-26T18:38:50","modified_gmt":"2020-04-26T22:38:50","slug":"protocolo-de-acao-para-a-abertura-de-bibliotecas-essa-e-uma-das-tarefas-que","status":"publish","type":"post","link":"https:\/\/www.pedroandretta.info\/index\/2020\/04\/protocolo-de-acao-para-a-abertura-de-bibliotecas-essa-e-uma-das-tarefas-que\/","title":{"rendered":"#Protocolo de a\u00e7\u00e3o para a abertura de #bibliotecas |\u201dEssa \u00e9 uma das tarefas que &#8230;"},"content":{"rendered":"<p>[ad_1]<\/p>\n<blockquote class=\"twitter-tweet\">\n<p lang=\"pt\" dir=\"ltr\"><a target=\"_blank\" href=\"https:\/\/twitter.com\/hashtag\/Protocolo?src=hash&amp;ref_src=twsrc%5Etfw\" rel=\"noopener noreferrer\">#Protocolo<\/a> de a\u00e7\u00e3o para a abertura de <a target=\"_blank\" href=\"https:\/\/twitter.com\/hashtag\/bibliotecas?src=hash&amp;ref_src=twsrc%5Etfw\" rel=\"noopener noreferrer\">#bibliotecas<\/a> |\u201dEssa \u00e9 uma das tarefas que os respons\u00e1veis por essas institui\u00e7\u00f5es devem realizar, para garantir a presta\u00e7\u00e3o de servi\u00e7os sem o menor risco de cont\u00e1gio e dissemina\u00e7\u00e3o do <a target=\"_blank\" href=\"https:\/\/twitter.com\/hashtag\/Covid19?src=hash&amp;ref_src=twsrc%5Etfw\" rel=\"noopener noreferrer\">#Covid19<\/a> [&#8230;].\u201d \ud83c\uddea\ud83c\uddf8 via AAB <a target=\"_blank\" href=\"https:\/\/t.co\/rflqtoeLOH\" rel=\"noopener noreferrer\">https:\/\/t.co\/rflqtoeLOH<\/a><\/p>\n<p>&mdash; Pedro Andretta (@pedroisandretta) <a target=\"_blank\" href=\"https:\/\/twitter.com\/pedroisandretta\/status\/1254540470186893312?ref_src=twsrc%5Etfw\" rel=\"noopener noreferrer\">April 26, 2020<\/a><\/p><\/blockquote>\n<p><script async src=\"https:\/\/platform.twitter.com\/widgets.js\" charset=\"utf-8\"><\/script><\/p>\n<p>[ad_2]<br \/>\n<br \/><a href=\"https:\/\/twitter.com\/pedroisandretta\/statuses\/1254540470186893312\">Fonte<\/a> Projeto <a href=\"https:\/\/www.pedroandretta.info\/informeci\">Informe-CI<\/a><\/p>\n","protected":false},"excerpt":{"rendered":"<p>[ad_1] #Protocolo de a\u00e7\u00e3o para a abertura de #bibliotecas |\u201dEssa \u00e9 uma das tarefas que os respons\u00e1veis por essas institui\u00e7\u00f5es devem realizar, para garantir a presta\u00e7\u00e3o de servi\u00e7os sem o menor risco de cont\u00e1gio e dissemina\u00e7\u00e3o do #Covid19 [&#8230;].\u201d \ud83c\uddea\ud83c\uddf8 via AAB https:\/\/t.co\/rflqtoeLOH &mdash; Pedro Andretta (@pedroisandretta) April 26, 2020 [ad_2] Fonte Projeto Informe-CI<\/p>\n","protected":false},"author":1,"featured_media":0,"comment_status":"open","ping_status":"open","sticky":false,"template":"","format":"standard","meta":{"_jetpack_memberships_contains_paid_content":false,"footnotes":"","jetpack_publicize_message":"","jetpack_publicize_feature_enabled":true,"jetpack_social_post_already_shared":true,"jetpack_social_options":{"image_generator_settings":{"template":"highway","default_image_id":0,"font":"","enabled":false},"version":2}},"categories":[21],"tags":[38,618,775],"class_list":["post-5302","post","type-post","status-publish","format-standard","hentry","category-informeci","tag-bibliotecas","tag-covid19","tag-protocolo"],"jetpack_publicize_connections":[],"jetpack_featured_media_url":"","views":"","jetpack_sharing_enabled":true,"_links":{"self":[{"href":"https:\/\/www.pedroandretta.info\/index\/wp-json\/wp\/v2\/posts\/5302","targetHints":{"allow":["GET"]}}],"collection":[{"href":"https:\/\/www.pedroandretta.info\/index\/wp-json\/wp\/v2\/posts"}],"about":[{"href":"https:\/\/www.pedroandretta.info\/index\/wp-json\/wp\/v2\/types\/post"}],"author":[{"embeddable":true,"href":"https:\/\/www.pedroandretta.info\/index\/wp-json\/wp\/v2\/users\/1"}],"replies":[{"embeddable":true,"href":"https:\/\/www.pedroandretta.info\/index\/wp-json\/wp\/v2\/comments?post=5302"}],"version-history":[{"count":0,"href":"https:\/\/www.pedroandretta.info\/index\/wp-json\/wp\/v2\/posts\/5302\/revisions"}],"wp:attachment":[{"href":"https:\/\/www.pedroandretta.info\/index\/wp-json\/wp\/v2\/media?parent=5302"}],"wp:term":[{"taxonomy":"category","embeddable":true,"href":"https:\/\/www.pedroandretta.info\/index\/wp-json\/wp\/v2\/categories?post=5302"},{"taxonomy":"post_tag","embeddable":true,"href":"https:\/\/www.pedroandretta.info\/index\/wp-json\/wp\/v2\/tags?post=5302"}],"curies":[{"name":"wp","href":"https:\/\/api.w.org\/{rel}","templated":true}]}}