{"id":5303,"date":"2020-04-26T18:29:42","date_gmt":"2020-04-26T22:29:42","guid":{"rendered":"https:\/\/www.pedroandretta.info\/index\/?p=5303"},"modified":"2020-04-26T18:29:42","modified_gmt":"2020-04-26T22:29:42","slug":"arquivo-nacional-inaugura-exposicao-virtual-o-%e2%81%a6arquivobrasil%e2%81%a9-%e2%81%a9inaugurou-no-u","status":"publish","type":"post","link":"https:\/\/www.pedroandretta.info\/index\/2020\/04\/arquivo-nacional-inaugura-exposicao-virtual-o-%e2%81%a6arquivobrasil%e2%81%a9-%e2%81%a9inaugurou-no-u\/","title":{"rendered":"Arquivo Nacional inaugura exposi\u00e7\u00e3o virtual |\u201cO \u2066@ArquivoBrasil\u2069 \u2069inaugurou no \u00fa&#8230;"},"content":{"rendered":"<p>[ad_1]<br \/>\n<img data-recalc-dims=\"1\" decoding=\"async\" src=\"https:\/\/i0.wp.com\/www.pedroandretta.info\/index\/wp-content\/uploads\/2020\/04\/Arquivo-Nacional-inaugura-exposicao-virtual-%E2%80%9CO-%E2%81%A6%40ArquivoBrasil%E2%81%A9-%E2%81%A9inaugurou-no-u.png?w=696&#038;ssl=1\"\/><\/p>\n<blockquote class=\"twitter-tweet\">\n<p lang=\"pt\" dir=\"ltr\">Arquivo Nacional inaugura exposi\u00e7\u00e3o virtual |\u201cO \u2066<a target=\"_blank\" href=\"https:\/\/twitter.com\/ArquivoBrasil?ref_src=twsrc%5Etfw\" rel=\"noopener noreferrer\">@ArquivoBrasil<\/a>\u2069 \u2069inaugurou no \u00faltimo dia 21 a <a target=\"_blank\" href=\"https:\/\/twitter.com\/hashtag\/exposi%C3%A7%C3%A3ovirtual?src=hash&amp;ref_src=twsrc%5Etfw\" rel=\"noopener noreferrer\">#exposi\u00e7\u00e3ovirtual<\/a> \u201cA Marcha para o Oeste: a conquista do Brasil Central\u201d. (A exposi\u00e7\u00e3o comemora os 60 anos da capital federal) via GIDJ\/RJ <a target=\"_blank\" href=\"https:\/\/t.co\/ZFVFP4STCw\" rel=\"noopener noreferrer\">https:\/\/t.co\/ZFVFP4STCw<\/a><\/p>\n<p>&mdash; Pedro Andretta (@pedroisandretta) <a target=\"_blank\" href=\"https:\/\/twitter.com\/pedroisandretta\/status\/1254538168684158984?ref_src=twsrc%5Etfw\" rel=\"noopener noreferrer\">April 26, 2020<\/a><\/p><\/blockquote>\n<p><script async src=\"https:\/\/platform.twitter.com\/widgets.js\" charset=\"utf-8\"><\/script><\/p>\n<p>[ad_2]<br \/>\n<br \/><a href=\"https:\/\/twitter.com\/pedroisandretta\/statuses\/1254538168684158984\">Fonte<\/a> Projeto <a href=\"https:\/\/www.pedroandretta.info\/informeci\">Informe-CI<\/a><\/p>\n","protected":false},"excerpt":{"rendered":"<p>[ad_1] Arquivo Nacional inaugura exposi\u00e7\u00e3o virtual |\u201cO \u2066@ArquivoBrasil\u2069 \u2069inaugurou no \u00faltimo dia 21 a #exposi\u00e7\u00e3ovirtual \u201cA Marcha para o Oeste: a conquista do Brasil Central\u201d. (A exposi\u00e7\u00e3o comemora os 60 anos da capital federal) via GIDJ\/RJ https:\/\/t.co\/ZFVFP4STCw &mdash; Pedro Andretta (@pedroisandretta) April 26, 2020 [ad_2] Fonte Projeto Informe-CI<\/p>\n","protected":false},"author":1,"featured_media":5304,"comment_status":"open","ping_status":"open","sticky":false,"template":"","format":"standard","meta":{"_jetpack_memberships_contains_paid_content":false,"footnotes":"","jetpack_publicize_message":"","jetpack_publicize_feature_enabled":true,"jetpack_social_post_already_shared":true,"jetpack_social_options":{"image_generator_settings":{"template":"highway","default_image_id":0,"font":"","enabled":false},"version":2}},"categories":[21],"tags":[680],"class_list":["post-5303","post","type-post","status-publish","format-standard","has-post-thumbnail","hentry","category-informeci","tag-exposicaovirtual"],"jetpack_publicize_connections":[],"jetpack_featured_media_url":"https:\/\/i0.wp.com\/www.pedroandretta.info\/index\/wp-content\/uploads\/2020\/04\/Arquivo-Nacional-inaugura-exposicao-virtual-%E2%80%9CO-%E2%81%A6%40ArquivoBrasil%E2%81%A9-%E2%81%A9inaugurou-no-u.png?fit=650%2C389&ssl=1","views":"","jetpack_sharing_enabled":true,"_links":{"self":[{"href":"https:\/\/www.pedroandretta.info\/index\/wp-json\/wp\/v2\/posts\/5303","targetHints":{"allow":["GET"]}}],"collection":[{"href":"https:\/\/www.pedroandretta.info\/index\/wp-json\/wp\/v2\/posts"}],"about":[{"href":"https:\/\/www.pedroandretta.info\/index\/wp-json\/wp\/v2\/types\/post"}],"author":[{"embeddable":true,"href":"https:\/\/www.pedroandretta.info\/index\/wp-json\/wp\/v2\/users\/1"}],"replies":[{"embeddable":true,"href":"https:\/\/www.pedroandretta.info\/index\/wp-json\/wp\/v2\/comments?post=5303"}],"version-history":[{"count":0,"href":"https:\/\/www.pedroandretta.info\/index\/wp-json\/wp\/v2\/posts\/5303\/revisions"}],"wp:featuredmedia":[{"embeddable":true,"href":"https:\/\/www.pedroandretta.info\/index\/wp-json\/wp\/v2\/media\/5304"}],"wp:attachment":[{"href":"https:\/\/www.pedroandretta.info\/index\/wp-json\/wp\/v2\/media?parent=5303"}],"wp:term":[{"taxonomy":"category","embeddable":true,"href":"https:\/\/www.pedroandretta.info\/index\/wp-json\/wp\/v2\/categories?post=5303"},{"taxonomy":"post_tag","embeddable":true,"href":"https:\/\/www.pedroandretta.info\/index\/wp-json\/wp\/v2\/tags?post=5303"}],"curies":[{"name":"wp","href":"https:\/\/api.w.org\/{rel}","templated":true}]}}