{"id":5309,"date":"2020-04-26T21:43:38","date_gmt":"2020-04-27T01:43:38","guid":{"rendered":"https:\/\/www.pedroandretta.info\/index\/?p=5309"},"modified":"2020-04-26T21:43:38","modified_gmt":"2020-04-27T01:43:38","slug":"atingindo-pre-adolescentes-durante-o-covid19-na-sua-bibliotecapublica-olha","status":"publish","type":"post","link":"https:\/\/www.pedroandretta.info\/index\/2020\/04\/atingindo-pre-adolescentes-durante-o-covid19-na-sua-bibliotecapublica-olha\/","title":{"rendered":"Atingindo pr\u00e9-adolescentes durante o #COVID19 na sua #bibliotecap\u00fablica | (Olha &#8230;"},"content":{"rendered":"<p>[ad_1]<br \/>\n<img data-recalc-dims=\"1\" decoding=\"async\" src=\"https:\/\/i0.wp.com\/www.pedroandretta.info\/index\/wp-content\/uploads\/2020\/04\/Atingindo-pre-adolescentes-durante-o-COVID19-na-sua-bibliotecapublica-Olha.jpg?w=696&#038;ssl=1\"\/><\/p>\n<blockquote class=\"twitter-tweet\">\n<p lang=\"pt\" dir=\"ltr\">Atingindo pr\u00e9-adolescentes durante o <a target=\"_blank\" href=\"https:\/\/twitter.com\/hashtag\/COVID19?src=hash&amp;ref_src=twsrc%5Etfw\" rel=\"noopener noreferrer\">#COVID19<\/a> na sua <a target=\"_blank\" href=\"https:\/\/twitter.com\/hashtag\/bibliotecap%C3%BAblica?src=hash&amp;ref_src=twsrc%5Etfw\" rel=\"noopener noreferrer\">#bibliotecap\u00fablica<\/a> | (Olha as ideias para os v\u00eddeos!) \u201cEm cada v\u00eddeo, eu disse aos pr\u00e9-adolescentes o quanto estou orgulhoso deles por todo o trabalho duro que est\u00e3o fazendo em casa.\u201d via ALSC Blog  <a target=\"_blank\" href=\"https:\/\/t.co\/z1BTkJY7To\" rel=\"noopener noreferrer\">https:\/\/t.co\/z1BTkJY7To<\/a><\/p>\n<p>&mdash; Pedro Andretta (@pedroisandretta) <a target=\"_blank\" href=\"https:\/\/twitter.com\/pedroisandretta\/status\/1254586973165162497?ref_src=twsrc%5Etfw\" rel=\"noopener noreferrer\">April 27, 2020<\/a><\/p><\/blockquote>\n<p><script async src=\"https:\/\/platform.twitter.com\/widgets.js\" charset=\"utf-8\"><\/script><\/p>\n<p>[ad_2]<br \/>\n<br \/><a href=\"https:\/\/twitter.com\/pedroisandretta\/statuses\/1254586973165162497\">Fonte<\/a> Projeto <a href=\"https:\/\/www.pedroandretta.info\/informeci\">Informe-CI<\/a><\/p>\n","protected":false},"excerpt":{"rendered":"<p>[ad_1] Atingindo pr\u00e9-adolescentes durante o #COVID19 na sua #bibliotecap\u00fablica | (Olha as ideias para os v\u00eddeos!) \u201cEm cada v\u00eddeo, eu disse aos pr\u00e9-adolescentes o quanto estou orgulhoso deles por todo o trabalho duro que est\u00e3o fazendo em casa.\u201d via ALSC Blog https:\/\/t.co\/z1BTkJY7To &mdash; Pedro Andretta (@pedroisandretta) April 27, 2020 [ad_2] Fonte Projeto Informe-CI<\/p>\n","protected":false},"author":1,"featured_media":5310,"comment_status":"open","ping_status":"open","sticky":false,"template":"","format":"standard","meta":{"_jetpack_memberships_contains_paid_content":false,"footnotes":"","jetpack_publicize_message":"","jetpack_publicize_feature_enabled":true,"jetpack_social_post_already_shared":true,"jetpack_social_options":{"image_generator_settings":{"template":"highway","default_image_id":0,"font":"","enabled":false},"version":2}},"categories":[21],"tags":[39,618],"class_list":["post-5309","post","type-post","status-publish","format-standard","has-post-thumbnail","hentry","category-informeci","tag-bibliotecaspublicas","tag-covid19"],"jetpack_publicize_connections":[],"jetpack_featured_media_url":"https:\/\/i0.wp.com\/www.pedroandretta.info\/index\/wp-content\/uploads\/2020\/04\/Atingindo-pre-adolescentes-durante-o-COVID19-na-sua-bibliotecapublica-Olha-scaled.jpg?fit=2560%2C1920&ssl=1","views":"","jetpack_sharing_enabled":true,"_links":{"self":[{"href":"https:\/\/www.pedroandretta.info\/index\/wp-json\/wp\/v2\/posts\/5309","targetHints":{"allow":["GET"]}}],"collection":[{"href":"https:\/\/www.pedroandretta.info\/index\/wp-json\/wp\/v2\/posts"}],"about":[{"href":"https:\/\/www.pedroandretta.info\/index\/wp-json\/wp\/v2\/types\/post"}],"author":[{"embeddable":true,"href":"https:\/\/www.pedroandretta.info\/index\/wp-json\/wp\/v2\/users\/1"}],"replies":[{"embeddable":true,"href":"https:\/\/www.pedroandretta.info\/index\/wp-json\/wp\/v2\/comments?post=5309"}],"version-history":[{"count":0,"href":"https:\/\/www.pedroandretta.info\/index\/wp-json\/wp\/v2\/posts\/5309\/revisions"}],"wp:featuredmedia":[{"embeddable":true,"href":"https:\/\/www.pedroandretta.info\/index\/wp-json\/wp\/v2\/media\/5310"}],"wp:attachment":[{"href":"https:\/\/www.pedroandretta.info\/index\/wp-json\/wp\/v2\/media?parent=5309"}],"wp:term":[{"taxonomy":"category","embeddable":true,"href":"https:\/\/www.pedroandretta.info\/index\/wp-json\/wp\/v2\/categories?post=5309"},{"taxonomy":"post_tag","embeddable":true,"href":"https:\/\/www.pedroandretta.info\/index\/wp-json\/wp\/v2\/tags?post=5309"}],"curies":[{"name":"wp","href":"https:\/\/api.w.org\/{rel}","templated":true}]}}