{"id":5318,"date":"2020-04-27T05:46:22","date_gmt":"2020-04-27T09:46:22","guid":{"rendered":"https:\/\/www.pedroandretta.info\/index\/?p=5318"},"modified":"2020-04-27T05:46:22","modified_gmt":"2020-04-27T09:46:22","slug":"a-biblioteca-uma-janela-na-prisao-a-association-des-bibliothecaires-de-france","status":"publish","type":"post","link":"https:\/\/www.pedroandretta.info\/index\/2020\/04\/a-biblioteca-uma-janela-na-prisao-a-association-des-bibliothecaires-de-france\/","title":{"rendered":"A biblioteca: uma janela na pris\u00e3o | A Association des Biblioth\u00e9caires de France&#8230;"},"content":{"rendered":"<p>[ad_1]<\/p>\n<blockquote class=\"twitter-tweet\">\n<p lang=\"pt\" dir=\"ltr\">A biblioteca: uma janela na pris\u00e3o | A Association des Biblioth\u00e9caires de France lan\u00e7ou agorinha esse ebook sobre <a target=\"_blank\" href=\"https:\/\/twitter.com\/hashtag\/bibliotecasprisionais?src=hash&amp;ref_src=twsrc%5Etfw\" rel=\"noopener noreferrer\">#bibliotecasprisionais<\/a> ! Vale para dar um up nas nossas pesquisas e confrontarmos com a realidade nacional! E sim, tudo em franc\u00eas! \ud83d\udcda \ud83c\uddeb\ud83c\uddf7 <a target=\"_blank\" href=\"https:\/\/t.co\/5CEJhqznXz\" rel=\"noopener noreferrer\">https:\/\/t.co\/5CEJhqznXz<\/a> <a target=\"_blank\" href=\"https:\/\/t.co\/g5oCQcwCBh\" rel=\"noopener noreferrer\">pic.twitter.com\/g5oCQcwCBh<\/a><\/p>\n<p>&mdash; Pedro Andretta (@pedroisandretta) <a target=\"_blank\" href=\"https:\/\/twitter.com\/pedroisandretta\/status\/1254708456562573312?ref_src=twsrc%5Etfw\" rel=\"noopener noreferrer\">April 27, 2020<\/a><\/p><\/blockquote>\n<p><script async src=\"https:\/\/platform.twitter.com\/widgets.js\" charset=\"utf-8\"><\/script><\/p>\n<p>[ad_2]<br \/>\n<br \/><a href=\"https:\/\/twitter.com\/pedroisandretta\/statuses\/1254708456562573312\">Fonte<\/a> Projeto <a href=\"https:\/\/www.pedroandretta.info\/informeci\">Informe-CI<\/a><\/p>\n","protected":false},"excerpt":{"rendered":"<p>[ad_1] A biblioteca: uma janela na pris\u00e3o | A Association des Biblioth\u00e9caires de France lan\u00e7ou agorinha esse ebook sobre #bibliotecasprisionais ! Vale para dar um up nas nossas pesquisas e confrontarmos com a realidade nacional! E sim, tudo em franc\u00eas! \ud83d\udcda \ud83c\uddeb\ud83c\uddf7 https:\/\/t.co\/5CEJhqznXz pic.twitter.com\/g5oCQcwCBh &mdash; Pedro Andretta (@pedroisandretta) April 27, 2020 [ad_2] Fonte Projeto Informe-CI<\/p>\n","protected":false},"author":1,"featured_media":5319,"comment_status":"open","ping_status":"open","sticky":false,"template":"","format":"standard","meta":{"_jetpack_memberships_contains_paid_content":false,"footnotes":"","jetpack_publicize_message":"","jetpack_publicize_feature_enabled":true,"jetpack_social_post_already_shared":true,"jetpack_social_options":{"image_generator_settings":{"template":"highway","default_image_id":0,"font":"","enabled":false},"version":2}},"categories":[21],"tags":[58],"class_list":["post-5318","post","type-post","status-publish","format-standard","has-post-thumbnail","hentry","category-informeci","tag-bibliotecasprisionais"],"jetpack_publicize_connections":[],"jetpack_featured_media_url":"https:\/\/i0.wp.com\/www.pedroandretta.info\/index\/wp-content\/uploads\/2020\/04\/A-biblioteca-uma-janela-na-pris%C3%A3o-A-Association-des.jpg?fit=617%2C835&ssl=1","views":"","jetpack_sharing_enabled":true,"_links":{"self":[{"href":"https:\/\/www.pedroandretta.info\/index\/wp-json\/wp\/v2\/posts\/5318","targetHints":{"allow":["GET"]}}],"collection":[{"href":"https:\/\/www.pedroandretta.info\/index\/wp-json\/wp\/v2\/posts"}],"about":[{"href":"https:\/\/www.pedroandretta.info\/index\/wp-json\/wp\/v2\/types\/post"}],"author":[{"embeddable":true,"href":"https:\/\/www.pedroandretta.info\/index\/wp-json\/wp\/v2\/users\/1"}],"replies":[{"embeddable":true,"href":"https:\/\/www.pedroandretta.info\/index\/wp-json\/wp\/v2\/comments?post=5318"}],"version-history":[{"count":0,"href":"https:\/\/www.pedroandretta.info\/index\/wp-json\/wp\/v2\/posts\/5318\/revisions"}],"wp:featuredmedia":[{"embeddable":true,"href":"https:\/\/www.pedroandretta.info\/index\/wp-json\/wp\/v2\/media\/5319"}],"wp:attachment":[{"href":"https:\/\/www.pedroandretta.info\/index\/wp-json\/wp\/v2\/media?parent=5318"}],"wp:term":[{"taxonomy":"category","embeddable":true,"href":"https:\/\/www.pedroandretta.info\/index\/wp-json\/wp\/v2\/categories?post=5318"},{"taxonomy":"post_tag","embeddable":true,"href":"https:\/\/www.pedroandretta.info\/index\/wp-json\/wp\/v2\/tags?post=5318"}],"curies":[{"name":"wp","href":"https:\/\/api.w.org\/{rel}","templated":true}]}}