{"id":5322,"date":"2020-04-27T10:07:46","date_gmt":"2020-04-27T14:07:46","guid":{"rendered":"https:\/\/www.pedroandretta.info\/index\/?p=5322"},"modified":"2020-04-27T10:07:46","modified_gmt":"2020-04-27T14:07:46","slug":"as-principais-organizacoes-de-bibliotecas-arquivos-e-museus-apelam-a-ompi-para","status":"publish","type":"post","link":"https:\/\/www.pedroandretta.info\/index\/2020\/04\/as-principais-organizacoes-de-bibliotecas-arquivos-e-museus-apelam-a-ompi-para\/","title":{"rendered":"As principais organiza\u00e7\u00f5es de bibliotecas, arquivos e museus apelam \u00e0 #OMPI para&#8230;"},"content":{"rendered":"<p>[ad_1]<\/p>\n<blockquote class=\"twitter-tweet\">\n<p lang=\"pt\" dir=\"ltr\">As principais organiza\u00e7\u00f5es de bibliotecas, arquivos e museus apelam \u00e0 <a target=\"_blank\" href=\"https:\/\/twitter.com\/hashtag\/OMPI?src=hash&amp;ref_src=twsrc%5Etfw\" rel=\"noopener noreferrer\">#OMPI<\/a> para ajudar a proteger o patrim\u00f4nio cultural | \u2066<a target=\"_blank\" href=\"https:\/\/twitter.com\/IFLA?ref_src=twsrc%5Etfw\" rel=\"noopener noreferrer\">@IFLA<\/a>\u2069 \u2066<a target=\"_blank\" href=\"https:\/\/twitter.com\/ICArchiv?ref_src=twsrc%5Etfw\" rel=\"noopener noreferrer\">@ICArchiv<\/a>\u2069 \u2066<a target=\"_blank\" href=\"https:\/\/twitter.com\/IcomOfficiel?ref_src=twsrc%5Etfw\" rel=\"noopener noreferrer\">@IcomOfficiel<\/a>\u2069 <a target=\"_blank\" href=\"https:\/\/twitter.com\/EIFLnet?ref_src=twsrc%5Etfw\" rel=\"noopener noreferrer\">@EIFLnet<\/a>\u2069 , \u2066<a target=\"_blank\" href=\"https:\/\/twitter.com\/archivists_org?ref_src=twsrc%5Etfw\" rel=\"noopener noreferrer\">@archivists_org<\/a>\u2069 e os <a target=\"_blank\" href=\"https:\/\/twitter.com\/hashtag\/direitosautorais?src=hash&amp;ref_src=twsrc%5Etfw\" rel=\"noopener noreferrer\">#direitosautorais<\/a> via IFLA <a target=\"_blank\" href=\"https:\/\/t.co\/DiKMoezAwO\" rel=\"noopener noreferrer\">https:\/\/t.co\/DiKMoezAwO<\/a><\/p>\n<p>&mdash; Pedro Andretta (@pedroisandretta) <a target=\"_blank\" href=\"https:\/\/twitter.com\/pedroisandretta\/status\/1254774243302060032?ref_src=twsrc%5Etfw\" rel=\"noopener noreferrer\">April 27, 2020<\/a><\/p><\/blockquote>\n<p><script async src=\"https:\/\/platform.twitter.com\/widgets.js\" charset=\"utf-8\"><\/script><\/p>\n<p>[ad_2]<br \/>\n<br \/><a href=\"https:\/\/twitter.com\/pedroisandretta\/statuses\/1254774243302060032\">Fonte<\/a> Projeto <a href=\"https:\/\/www.pedroandretta.info\/informeci\">Informe-CI<\/a><\/p>\n","protected":false},"excerpt":{"rendered":"<p>[ad_1] As principais organiza\u00e7\u00f5es de bibliotecas, arquivos e museus apelam \u00e0 #OMPI para ajudar a proteger o patrim\u00f4nio cultural | \u2066@IFLA\u2069 \u2066@ICArchiv\u2069 \u2066@IcomOfficiel\u2069 @EIFLnet\u2069 , \u2066@archivists_org\u2069 e os #direitosautorais via IFLA https:\/\/t.co\/DiKMoezAwO &mdash; Pedro Andretta (@pedroisandretta) April 27, 2020 [ad_2] Fonte Projeto Informe-CI<\/p>\n","protected":false},"author":1,"featured_media":0,"comment_status":"open","ping_status":"open","sticky":false,"template":"","format":"standard","meta":{"_jetpack_memberships_contains_paid_content":false,"footnotes":"","jetpack_publicize_message":"","jetpack_publicize_feature_enabled":true,"jetpack_social_post_already_shared":true,"jetpack_social_options":{"image_generator_settings":{"template":"highway","default_image_id":0,"font":"","enabled":false},"version":2}},"categories":[21],"tags":[301,779],"class_list":["post-5322","post","type-post","status-publish","format-standard","hentry","category-informeci","tag-direitosautorais","tag-ompi"],"jetpack_publicize_connections":[],"jetpack_featured_media_url":"","views":"","jetpack_sharing_enabled":true,"_links":{"self":[{"href":"https:\/\/www.pedroandretta.info\/index\/wp-json\/wp\/v2\/posts\/5322","targetHints":{"allow":["GET"]}}],"collection":[{"href":"https:\/\/www.pedroandretta.info\/index\/wp-json\/wp\/v2\/posts"}],"about":[{"href":"https:\/\/www.pedroandretta.info\/index\/wp-json\/wp\/v2\/types\/post"}],"author":[{"embeddable":true,"href":"https:\/\/www.pedroandretta.info\/index\/wp-json\/wp\/v2\/users\/1"}],"replies":[{"embeddable":true,"href":"https:\/\/www.pedroandretta.info\/index\/wp-json\/wp\/v2\/comments?post=5322"}],"version-history":[{"count":0,"href":"https:\/\/www.pedroandretta.info\/index\/wp-json\/wp\/v2\/posts\/5322\/revisions"}],"wp:attachment":[{"href":"https:\/\/www.pedroandretta.info\/index\/wp-json\/wp\/v2\/media?parent=5322"}],"wp:term":[{"taxonomy":"category","embeddable":true,"href":"https:\/\/www.pedroandretta.info\/index\/wp-json\/wp\/v2\/categories?post=5322"},{"taxonomy":"post_tag","embeddable":true,"href":"https:\/\/www.pedroandretta.info\/index\/wp-json\/wp\/v2\/tags?post=5322"}],"curies":[{"name":"wp","href":"https:\/\/api.w.org\/{rel}","templated":true}]}}