{"id":5376,"date":"2020-04-30T19:47:46","date_gmt":"2020-04-30T23:47:46","guid":{"rendered":"https:\/\/www.pedroandretta.info\/index\/?p=5376"},"modified":"2020-04-30T19:47:46","modified_gmt":"2020-04-30T23:47:46","slug":"bibliotecas-de-pacientes-a-leitura-como-terapia-nos-seculos-18-e-19-os-euro","status":"publish","type":"post","link":"https:\/\/www.pedroandretta.info\/index\/2020\/04\/bibliotecas-de-pacientes-a-leitura-como-terapia-nos-seculos-18-e-19-os-euro\/","title":{"rendered":"Bibliotecas de pacientes: a leitura como terapia | &#8220;Nos s\u00e9culos 18 e 19, os euro&#8230;"},"content":{"rendered":"<p>[ad_1]<br \/>\n<img data-recalc-dims=\"1\" decoding=\"async\" src=\"https:\/\/i0.wp.com\/www.pedroandretta.info\/index\/wp-content\/uploads\/2020\/04\/Bibliotecas-de-pacientes-a-leitura-como-terapia-Nos-seculos.jpg?w=696&#038;ssl=1\"\/><\/p>\n<blockquote class=\"twitter-tweet\">\n<p lang=\"pt\" dir=\"ltr\">Bibliotecas de pacientes: a leitura como terapia | &quot;Nos s\u00e9culos 18 e 19, os europeus entenderam a leitura como uma terapia auxiliar para melhorar a sa\u00fade mental dos internados em hospitais psiqui\u00e1tricos&quot;. <a target=\"_blank\" href=\"https:\/\/twitter.com\/hashtag\/biblioterapia?src=hash&amp;ref_src=twsrc%5Etfw\" rel=\"noopener noreferrer\">#biblioterapia<\/a>  \ud83c\uddea\ud83c\uddf8 via SEDIC <a target=\"_blank\" href=\"https:\/\/t.co\/LJbtDONZgN\" rel=\"noopener noreferrer\">https:\/\/t.co\/LJbtDONZgN<\/a><\/p>\n<p>&mdash; Pedro Andretta (@pedroisandretta) <a target=\"_blank\" href=\"https:\/\/twitter.com\/pedroisandretta\/status\/1256007367050887174?ref_src=twsrc%5Etfw\" rel=\"noopener noreferrer\">April 30, 2020<\/a><\/p><\/blockquote>\n<p><script async src=\"https:\/\/platform.twitter.com\/widgets.js\" charset=\"utf-8\"><\/script><\/p>\n<p>[ad_2]<br \/>\n<br \/><a href=\"https:\/\/twitter.com\/pedroisandretta\/statuses\/1256007367050887174\">Fonte<\/a> Projeto <a href=\"https:\/\/www.pedroandretta.info\/informeci\">Informe-CI<\/a><\/p>\n","protected":false},"excerpt":{"rendered":"<p>[ad_1] Bibliotecas de pacientes: a leitura como terapia | &quot;Nos s\u00e9culos 18 e 19, os europeus entenderam a leitura como uma terapia auxiliar para melhorar a sa\u00fade mental dos internados em hospitais psiqui\u00e1tricos&quot;. #biblioterapia \ud83c\uddea\ud83c\uddf8 via SEDIC https:\/\/t.co\/LJbtDONZgN &mdash; Pedro Andretta (@pedroisandretta) April 30, 2020 [ad_2] Fonte Projeto Informe-CI<\/p>\n","protected":false},"author":1,"featured_media":5377,"comment_status":"open","ping_status":"open","sticky":false,"template":"","format":"standard","meta":{"_jetpack_memberships_contains_paid_content":false,"footnotes":"","jetpack_publicize_message":"","jetpack_publicize_feature_enabled":true,"jetpack_social_post_already_shared":true,"jetpack_social_options":{"image_generator_settings":{"template":"highway","default_image_id":0,"font":"","enabled":false},"version":2}},"categories":[21],"tags":[120],"class_list":["post-5376","post","type-post","status-publish","format-standard","has-post-thumbnail","hentry","category-informeci","tag-biblioterapia"],"jetpack_publicize_connections":[],"jetpack_featured_media_url":"https:\/\/i0.wp.com\/www.pedroandretta.info\/index\/wp-content\/uploads\/2020\/04\/Bibliotecas-de-pacientes-a-leitura-como-terapia-Nos-s%C3%A9culos.jpg?fit=596%2C374&ssl=1","views":"","jetpack_sharing_enabled":true,"_links":{"self":[{"href":"https:\/\/www.pedroandretta.info\/index\/wp-json\/wp\/v2\/posts\/5376","targetHints":{"allow":["GET"]}}],"collection":[{"href":"https:\/\/www.pedroandretta.info\/index\/wp-json\/wp\/v2\/posts"}],"about":[{"href":"https:\/\/www.pedroandretta.info\/index\/wp-json\/wp\/v2\/types\/post"}],"author":[{"embeddable":true,"href":"https:\/\/www.pedroandretta.info\/index\/wp-json\/wp\/v2\/users\/1"}],"replies":[{"embeddable":true,"href":"https:\/\/www.pedroandretta.info\/index\/wp-json\/wp\/v2\/comments?post=5376"}],"version-history":[{"count":0,"href":"https:\/\/www.pedroandretta.info\/index\/wp-json\/wp\/v2\/posts\/5376\/revisions"}],"wp:featuredmedia":[{"embeddable":true,"href":"https:\/\/www.pedroandretta.info\/index\/wp-json\/wp\/v2\/media\/5377"}],"wp:attachment":[{"href":"https:\/\/www.pedroandretta.info\/index\/wp-json\/wp\/v2\/media?parent=5376"}],"wp:term":[{"taxonomy":"category","embeddable":true,"href":"https:\/\/www.pedroandretta.info\/index\/wp-json\/wp\/v2\/categories?post=5376"},{"taxonomy":"post_tag","embeddable":true,"href":"https:\/\/www.pedroandretta.info\/index\/wp-json\/wp\/v2\/tags?post=5376"}],"curies":[{"name":"wp","href":"https:\/\/api.w.org\/{rel}","templated":true}]}}