{"id":5380,"date":"2020-05-01T01:47:02","date_gmt":"2020-05-01T05:47:02","guid":{"rendered":"https:\/\/www.pedroandretta.info\/index\/?p=5380"},"modified":"2020-05-01T01:47:02","modified_gmt":"2020-05-01T05:47:02","slug":"nova-edicao-da-biblionline-da-universidade-federal-da-paraiba-biblioterapia","status":"publish","type":"post","link":"https:\/\/www.pedroandretta.info\/index\/2020\/05\/nova-edicao-da-biblionline-da-universidade-federal-da-paraiba-biblioterapia\/","title":{"rendered":"Nova edi\u00e7\u00e3o da Biblionline, da Universidade Federal da Para\u00edba | #Biblioterapia &#8230;"},"content":{"rendered":"<p>[ad_1]<\/p>\n<blockquote class=\"twitter-tweet\">\n<p lang=\"pt\" dir=\"ltr\">Nova edi\u00e7\u00e3o da Biblionline, da Universidade Federal da Para\u00edba | <a target=\"_blank\" href=\"https:\/\/twitter.com\/hashtag\/Biblioterapia?src=hash&amp;ref_src=twsrc%5Etfw\" rel=\"noopener noreferrer\">#Biblioterapia<\/a> <a target=\"_blank\" href=\"https:\/\/twitter.com\/hashtag\/Arquivistas?src=hash&amp;ref_src=twsrc%5Etfw\" rel=\"noopener noreferrer\">#Arquivistas<\/a> <a target=\"_blank\" href=\"https:\/\/twitter.com\/hashtag\/Economiadocompartilhamento?src=hash&amp;ref_src=twsrc%5Etfw\" rel=\"noopener noreferrer\">#Economiadocompartilhamento<\/a> <a target=\"_blank\" href=\"https:\/\/twitter.com\/hashtag\/PortalCAPES?src=hash&amp;ref_src=twsrc%5Etfw\" rel=\"noopener noreferrer\">#PortalCAPES<\/a> <a target=\"_blank\" href=\"https:\/\/twitter.com\/hashtag\/Arquiv%C3%ADstica?src=hash&amp;ref_src=twsrc%5Etfw\" rel=\"noopener noreferrer\">#Arquiv\u00edstica<\/a> <a target=\"_blank\" href=\"https:\/\/twitter.com\/hashtag\/SecretariadoExecutivo?src=hash&amp;ref_src=twsrc%5Etfw\" rel=\"noopener noreferrer\">#SecretariadoExecutivo<\/a> <a target=\"_blank\" href=\"https:\/\/twitter.com\/hashtag\/Normaliza%C3%A7%C3%A3o?src=hash&amp;ref_src=twsrc%5Etfw\" rel=\"noopener noreferrer\">#Normaliza\u00e7\u00e3o<\/a> <a target=\"_blank\" href=\"https:\/\/twitter.com\/hashtag\/Bibliotecas?src=hash&amp;ref_src=twsrc%5Etfw\" rel=\"noopener noreferrer\">#Bibliotecas<\/a> <a target=\"_blank\" href=\"https:\/\/twitter.com\/hashtag\/Arquivos?src=hash&amp;ref_src=twsrc%5Etfw\" rel=\"noopener noreferrer\">#Arquivos<\/a> <a target=\"_blank\" href=\"https:\/\/twitter.com\/hashtag\/M%C3%ADdiasSociais?src=hash&amp;ref_src=twsrc%5Etfw\" rel=\"noopener noreferrer\">#M\u00eddiasSociais<\/a> <a target=\"_blank\" href=\"https:\/\/twitter.com\/hashtag\/Custodialismo?src=hash&amp;ref_src=twsrc%5Etfw\" rel=\"noopener noreferrer\">#Custodialismo<\/a> <a target=\"_blank\" href=\"https:\/\/twitter.com\/hashtag\/RevistasCI?src=hash&amp;ref_src=twsrc%5Etfw\" rel=\"noopener noreferrer\">#RevistasCI<\/a> <a target=\"_blank\" href=\"https:\/\/t.co\/LmHNh4WuYm\" rel=\"noopener noreferrer\">https:\/\/t.co\/LmHNh4WuYm<\/a> <a target=\"_blank\" href=\"https:\/\/t.co\/EhBQtSKVTo\" rel=\"noopener noreferrer\">pic.twitter.com\/EhBQtSKVTo<\/a><\/p>\n<p>&mdash; Pedro Andretta (@pedroisandretta) <a target=\"_blank\" href=\"https:\/\/twitter.com\/pedroisandretta\/status\/1256097780302581760?ref_src=twsrc%5Etfw\" rel=\"noopener noreferrer\">May 1, 2020<\/a><\/p><\/blockquote>\n<p><script async src=\"https:\/\/platform.twitter.com\/widgets.js\" charset=\"utf-8\"><\/script><\/p>\n<p>[ad_2]<br \/>\n<br \/><a href=\"https:\/\/twitter.com\/pedroisandretta\/statuses\/1256097780302581760\">Fonte<\/a> Projeto <a href=\"https:\/\/www.pedroandretta.info\/informeci\">Informe-CI<\/a><\/p>\n","protected":false},"excerpt":{"rendered":"<p>[ad_1] Nova edi\u00e7\u00e3o da Biblionline, da Universidade Federal da Para\u00edba | #Biblioterapia #Arquivistas #Economiadocompartilhamento #PortalCAPES #Arquiv\u00edstica #SecretariadoExecutivo #Normaliza\u00e7\u00e3o #Bibliotecas #Arquivos #M\u00eddiasSociais #Custodialismo #RevistasCI https:\/\/t.co\/LmHNh4WuYm pic.twitter.com\/EhBQtSKVTo &mdash; Pedro Andretta (@pedroisandretta) May 1, 2020 [ad_2] Fonte Projeto Informe-CI<\/p>\n","protected":false},"author":1,"featured_media":5381,"comment_status":"open","ping_status":"open","sticky":false,"template":"","format":"standard","meta":{"_jetpack_memberships_contains_paid_content":false,"footnotes":"","jetpack_publicize_message":"","jetpack_publicize_feature_enabled":true,"jetpack_social_post_already_shared":true,"jetpack_social_options":{"image_generator_settings":{"template":"highway","default_image_id":0,"font":"","enabled":false},"version":2}},"categories":[21],"tags":[26,25,72,38,120,795,791,794,451,792,196,793],"class_list":["post-5380","post","type-post","status-publish","format-standard","has-post-thumbnail","hentry","category-informeci","tag-arquivistas","tag-arquivistica","tag-arquivos","tag-bibliotecas","tag-biblioterapia","tag-custodialismo","tag-economiadocompartilhamento","tag-midiassociais","tag-normalizacao","tag-portalcapes","tag-revistasci","tag-secretariadoexecutivo"],"jetpack_publicize_connections":[],"jetpack_featured_media_url":"https:\/\/i0.wp.com\/www.pedroandretta.info\/index\/wp-content\/uploads\/2020\/05\/Nova-edi%C3%A7%C3%A3o-da-Biblionline-da-Universidade-Federal-da-Para%C3%ADba.jpg?fit=640%2C821&ssl=1","views":"","jetpack_sharing_enabled":true,"_links":{"self":[{"href":"https:\/\/www.pedroandretta.info\/index\/wp-json\/wp\/v2\/posts\/5380","targetHints":{"allow":["GET"]}}],"collection":[{"href":"https:\/\/www.pedroandretta.info\/index\/wp-json\/wp\/v2\/posts"}],"about":[{"href":"https:\/\/www.pedroandretta.info\/index\/wp-json\/wp\/v2\/types\/post"}],"author":[{"embeddable":true,"href":"https:\/\/www.pedroandretta.info\/index\/wp-json\/wp\/v2\/users\/1"}],"replies":[{"embeddable":true,"href":"https:\/\/www.pedroandretta.info\/index\/wp-json\/wp\/v2\/comments?post=5380"}],"version-history":[{"count":0,"href":"https:\/\/www.pedroandretta.info\/index\/wp-json\/wp\/v2\/posts\/5380\/revisions"}],"wp:featuredmedia":[{"embeddable":true,"href":"https:\/\/www.pedroandretta.info\/index\/wp-json\/wp\/v2\/media\/5381"}],"wp:attachment":[{"href":"https:\/\/www.pedroandretta.info\/index\/wp-json\/wp\/v2\/media?parent=5380"}],"wp:term":[{"taxonomy":"category","embeddable":true,"href":"https:\/\/www.pedroandretta.info\/index\/wp-json\/wp\/v2\/categories?post=5380"},{"taxonomy":"post_tag","embeddable":true,"href":"https:\/\/www.pedroandretta.info\/index\/wp-json\/wp\/v2\/tags?post=5380"}],"curies":[{"name":"wp","href":"https:\/\/api.w.org\/{rel}","templated":true}]}}