{"id":5382,"date":"2020-05-01T06:00:55","date_gmt":"2020-05-01T10:00:55","guid":{"rendered":"https:\/\/www.pedroandretta.info\/index\/?p=5382"},"modified":"2020-05-01T06:00:55","modified_gmt":"2020-05-01T10:00:55","slug":"lancada-nova-edicao-da-folha-de-rosto-da-universidade-federal-do-cariri-ci","status":"publish","type":"post","link":"https:\/\/www.pedroandretta.info\/index\/2020\/05\/lancada-nova-edicao-da-folha-de-rosto-da-universidade-federal-do-cariri-ci\/","title":{"rendered":"Lan\u00e7ada nova edi\u00e7\u00e3o da Folha de Rosto, da Universidade Federal do Cariri | #CI #&#8230;"},"content":{"rendered":"<p>[ad_1]<\/p>\n<blockquote class=\"twitter-tweet\">\n<p lang=\"pt\" dir=\"ltr\">Lan\u00e7ada nova edi\u00e7\u00e3o da Folha de Rosto, da Universidade Federal do Cariri | <a target=\"_blank\" href=\"https:\/\/twitter.com\/hashtag\/CI?src=hash&amp;ref_src=twsrc%5Etfw\" rel=\"noopener noreferrer\">#CI<\/a> <a target=\"_blank\" href=\"https:\/\/twitter.com\/hashtag\/Animes?src=hash&amp;ref_src=twsrc%5Etfw\" rel=\"noopener noreferrer\">#Animes<\/a> <a target=\"_blank\" href=\"https:\/\/twitter.com\/hashtag\/comportamentoeminforma%C3%A7%C3%A3o?src=hash&amp;ref_src=twsrc%5Etfw\" rel=\"noopener noreferrer\">#comportamentoeminforma\u00e7\u00e3o<\/a> <a target=\"_blank\" href=\"https:\/\/twitter.com\/hashtag\/MidiasSociais?src=hash&amp;ref_src=twsrc%5Etfw\" rel=\"noopener noreferrer\">#MidiasSociais<\/a> <a target=\"_blank\" href=\"https:\/\/twitter.com\/hashtag\/Bibliotecas?src=hash&amp;ref_src=twsrc%5Etfw\" rel=\"noopener noreferrer\">#Bibliotecas<\/a> <a target=\"_blank\" href=\"https:\/\/twitter.com\/hashtag\/Instagram?src=hash&amp;ref_src=twsrc%5Etfw\" rel=\"noopener noreferrer\">#Instagram<\/a> <a target=\"_blank\" href=\"https:\/\/twitter.com\/hashtag\/Coronavirus?src=hash&amp;ref_src=twsrc%5Etfw\" rel=\"noopener noreferrer\">#Coronavirus<\/a> <a target=\"_blank\" href=\"https:\/\/twitter.com\/hashtag\/forma%C3%A7%C3%A3odecole%C3%A7%C3%B5es?src=hash&amp;ref_src=twsrc%5Etfw\" rel=\"noopener noreferrer\">#forma\u00e7\u00e3odecole\u00e7\u00f5es<\/a> <a target=\"_blank\" href=\"https:\/\/twitter.com\/hashtag\/Descritores?src=hash&amp;ref_src=twsrc%5Etfw\" rel=\"noopener noreferrer\">#Descritores<\/a> <a target=\"_blank\" href=\"https:\/\/twitter.com\/hashtag\/Media%C3%A7%C3%A3o?src=hash&amp;ref_src=twsrc%5Etfw\" rel=\"noopener noreferrer\">#Media\u00e7\u00e3o<\/a> e <a target=\"_blank\" href=\"https:\/\/twitter.com\/hashtag\/Design?src=hash&amp;ref_src=twsrc%5Etfw\" rel=\"noopener noreferrer\">#Design<\/a> (Olha que capa bonita!) <a target=\"_blank\" href=\"https:\/\/twitter.com\/hashtag\/RevistasCI?src=hash&amp;ref_src=twsrc%5Etfw\" rel=\"noopener noreferrer\">#RevistasCI<\/a> <a target=\"_blank\" href=\"https:\/\/t.co\/LmHNh4WuYm\" rel=\"noopener noreferrer\">https:\/\/t.co\/LmHNh4WuYm<\/a> <a target=\"_blank\" href=\"https:\/\/t.co\/8r66OkWUng\" rel=\"noopener noreferrer\">pic.twitter.com\/8r66OkWUng<\/a><\/p>\n<p>&mdash; Pedro Andretta (@pedroisandretta) <a target=\"_blank\" href=\"https:\/\/twitter.com\/pedroisandretta\/status\/1256161670088601602?ref_src=twsrc%5Etfw\" rel=\"noopener noreferrer\">May 1, 2020<\/a><\/p><\/blockquote>\n<p><script async src=\"https:\/\/platform.twitter.com\/widgets.js\" charset=\"utf-8\"><\/script><\/p>\n<p>[ad_2]<br \/>\n<br \/><a href=\"https:\/\/twitter.com\/pedroisandretta\/statuses\/1256161670088601602\">Fonte<\/a> Projeto <a href=\"https:\/\/www.pedroandretta.info\/informeci\">Informe-CI<\/a><\/p>\n","protected":false},"excerpt":{"rendered":"<p>[ad_1] Lan\u00e7ada nova edi\u00e7\u00e3o da Folha de Rosto, da Universidade Federal do Cariri | #CI #Animes #comportamentoeminforma\u00e7\u00e3o #MidiasSociais #Bibliotecas #Instagram #Coronavirus #forma\u00e7\u00e3odecole\u00e7\u00f5es #Descritores #Media\u00e7\u00e3o e #Design (Olha que capa bonita!) #RevistasCI https:\/\/t.co\/LmHNh4WuYm pic.twitter.com\/8r66OkWUng &mdash; Pedro Andretta (@pedroisandretta) May 1, 2020 [ad_2] Fonte Projeto Informe-CI<\/p>\n","protected":false},"author":1,"featured_media":5383,"comment_status":"open","ping_status":"open","sticky":false,"template":"","format":"standard","meta":{"_jetpack_memberships_contains_paid_content":false,"footnotes":"","jetpack_publicize_message":"","jetpack_publicize_feature_enabled":true,"jetpack_social_post_already_shared":true,"jetpack_social_options":{"image_generator_settings":{"template":"highway","default_image_id":0,"font":"","enabled":false},"version":2}},"categories":[21],"tags":[796,38,71,46,483,798,799,51,428,50,794,196],"class_list":["post-5382","post","type-post","status-publish","format-standard","has-post-thumbnail","hentry","category-informeci","tag-animes","tag-bibliotecas","tag-ci","tag-coinfo","tag-coronavirus","tag-descritores","tag-design","tag-formacaodecolecoes","tag-instagram","tag-mediacao","tag-midiassociais","tag-revistasci"],"jetpack_publicize_connections":[],"jetpack_featured_media_url":"https:\/\/i0.wp.com\/www.pedroandretta.info\/index\/wp-content\/uploads\/2020\/05\/Lan%C3%A7ada-nova-edi%C3%A7%C3%A3o-da-Folha-de-Rosto-da-Universidade-Federal.jpg?fit=640%2C863&ssl=1","views":"","jetpack_sharing_enabled":true,"_links":{"self":[{"href":"https:\/\/www.pedroandretta.info\/index\/wp-json\/wp\/v2\/posts\/5382","targetHints":{"allow":["GET"]}}],"collection":[{"href":"https:\/\/www.pedroandretta.info\/index\/wp-json\/wp\/v2\/posts"}],"about":[{"href":"https:\/\/www.pedroandretta.info\/index\/wp-json\/wp\/v2\/types\/post"}],"author":[{"embeddable":true,"href":"https:\/\/www.pedroandretta.info\/index\/wp-json\/wp\/v2\/users\/1"}],"replies":[{"embeddable":true,"href":"https:\/\/www.pedroandretta.info\/index\/wp-json\/wp\/v2\/comments?post=5382"}],"version-history":[{"count":0,"href":"https:\/\/www.pedroandretta.info\/index\/wp-json\/wp\/v2\/posts\/5382\/revisions"}],"wp:featuredmedia":[{"embeddable":true,"href":"https:\/\/www.pedroandretta.info\/index\/wp-json\/wp\/v2\/media\/5383"}],"wp:attachment":[{"href":"https:\/\/www.pedroandretta.info\/index\/wp-json\/wp\/v2\/media?parent=5382"}],"wp:term":[{"taxonomy":"category","embeddable":true,"href":"https:\/\/www.pedroandretta.info\/index\/wp-json\/wp\/v2\/categories?post=5382"},{"taxonomy":"post_tag","embeddable":true,"href":"https:\/\/www.pedroandretta.info\/index\/wp-json\/wp\/v2\/tags?post=5382"}],"curies":[{"name":"wp","href":"https:\/\/api.w.org\/{rel}","templated":true}]}}