{"id":5457,"date":"2020-05-06T19:52:55","date_gmt":"2020-05-06T23:52:55","guid":{"rendered":"https:\/\/www.pedroandretta.info\/index\/?p=5457"},"modified":"2020-05-06T19:52:55","modified_gmt":"2020-05-06T23:52:55","slug":"a-importancia-da-cooperacao-entre-bibliotecasemsaude-virtuais-diante-pandemia-d","status":"publish","type":"post","link":"https:\/\/www.pedroandretta.info\/index\/2020\/05\/a-importancia-da-cooperacao-entre-bibliotecasemsaude-virtuais-diante-pandemia-d\/","title":{"rendered":"A import\u00e2ncia da coopera\u00e7\u00e3o entre #BibliotecasEmSa\u00fade virtuais diante pandemia d&#8230;"},"content":{"rendered":"<p>[ad_1]<\/p>\n<blockquote class=\"twitter-tweet\">\n<p lang=\"pt\" dir=\"ltr\">A import\u00e2ncia da coopera\u00e7\u00e3o entre <a target=\"_blank\" href=\"https:\/\/twitter.com\/hashtag\/BibliotecasEmSa%C3%BAde?src=hash&amp;ref_src=twsrc%5Etfw\" rel=\"noopener noreferrer\">#BibliotecasEmSa\u00fade<\/a> virtuais diante pandemia de <a target=\"_blank\" href=\"https:\/\/twitter.com\/hashtag\/COVID19?src=hash&amp;ref_src=twsrc%5Etfw\" rel=\"noopener noreferrer\">#COVID19<\/a> : uma reflex\u00e3o a respeito da import\u00e2ncia da uni\u00e3o profissional | Relato de Leonardo Ragacini,  Bibliotec\u00e1rio em sa\u00fade e Consulto Bireme\/FIR \u2013 via Monitoria FaBCI <a target=\"_blank\" href=\"https:\/\/t.co\/5KpjwtGSin\" rel=\"noopener noreferrer\">https:\/\/t.co\/5KpjwtGSin<\/a><\/p>\n<p>&mdash; Pedro Andretta (@pedroisandretta) <a target=\"_blank\" href=\"https:\/\/twitter.com\/pedroisandretta\/status\/1258182990737346561?ref_src=twsrc%5Etfw\" rel=\"noopener noreferrer\">May 6, 2020<\/a><\/p><\/blockquote>\n<p><script async src=\"https:\/\/platform.twitter.com\/widgets.js\" charset=\"utf-8\"><\/script><\/p>\n<p>[ad_2]<br \/>\n<br \/><a href=\"https:\/\/twitter.com\/pedroisandretta\/statuses\/1258182990737346561\">Fonte<\/a> Projeto <a href=\"https:\/\/www.pedroandretta.info\/informeci\">Informe-CI<\/a><\/p>\n","protected":false},"excerpt":{"rendered":"<p>[ad_1] A import\u00e2ncia da coopera\u00e7\u00e3o entre #BibliotecasEmSa\u00fade virtuais diante pandemia de #COVID19 : uma reflex\u00e3o a respeito da import\u00e2ncia da uni\u00e3o profissional | Relato de Leonardo Ragacini, Bibliotec\u00e1rio em sa\u00fade e Consulto Bireme\/FIR \u2013 via Monitoria FaBCI https:\/\/t.co\/5KpjwtGSin &mdash; Pedro Andretta (@pedroisandretta) May 6, 2020 [ad_2] Fonte Projeto Informe-CI<\/p>\n","protected":false},"author":1,"featured_media":0,"comment_status":"open","ping_status":"open","sticky":false,"template":"","format":"standard","meta":{"_jetpack_memberships_contains_paid_content":false,"footnotes":"","jetpack_publicize_message":"","jetpack_publicize_feature_enabled":true,"jetpack_social_post_already_shared":true,"jetpack_social_options":{"image_generator_settings":{"template":"highway","default_image_id":0,"font":"","enabled":false},"version":2}},"categories":[21],"tags":[820,618],"class_list":["post-5457","post","type-post","status-publish","format-standard","hentry","category-informeci","tag-bibliotecasemsaude","tag-covid19"],"jetpack_publicize_connections":[],"jetpack_featured_media_url":"","views":"","jetpack_sharing_enabled":true,"_links":{"self":[{"href":"https:\/\/www.pedroandretta.info\/index\/wp-json\/wp\/v2\/posts\/5457","targetHints":{"allow":["GET"]}}],"collection":[{"href":"https:\/\/www.pedroandretta.info\/index\/wp-json\/wp\/v2\/posts"}],"about":[{"href":"https:\/\/www.pedroandretta.info\/index\/wp-json\/wp\/v2\/types\/post"}],"author":[{"embeddable":true,"href":"https:\/\/www.pedroandretta.info\/index\/wp-json\/wp\/v2\/users\/1"}],"replies":[{"embeddable":true,"href":"https:\/\/www.pedroandretta.info\/index\/wp-json\/wp\/v2\/comments?post=5457"}],"version-history":[{"count":0,"href":"https:\/\/www.pedroandretta.info\/index\/wp-json\/wp\/v2\/posts\/5457\/revisions"}],"wp:attachment":[{"href":"https:\/\/www.pedroandretta.info\/index\/wp-json\/wp\/v2\/media?parent=5457"}],"wp:term":[{"taxonomy":"category","embeddable":true,"href":"https:\/\/www.pedroandretta.info\/index\/wp-json\/wp\/v2\/categories?post=5457"},{"taxonomy":"post_tag","embeddable":true,"href":"https:\/\/www.pedroandretta.info\/index\/wp-json\/wp\/v2\/tags?post=5457"}],"curies":[{"name":"wp","href":"https:\/\/api.w.org\/{rel}","templated":true}]}}