{"id":5559,"date":"2020-05-13T14:04:36","date_gmt":"2020-05-13T18:04:36","guid":{"rendered":"https:\/\/www.pedroandretta.info\/index\/?p=5559"},"modified":"2020-05-13T14:04:36","modified_gmt":"2020-05-13T18:04:36","slug":"editoras-a-biblioteca-mario-de-andrade-chama-a-biblioteca-deu-inicio-ao-chama","status":"publish","type":"post","link":"https:\/\/www.pedroandretta.info\/index\/2020\/05\/editoras-a-biblioteca-mario-de-andrade-chama-a-biblioteca-deu-inicio-ao-chama\/","title":{"rendered":"Editoras, a Biblioteca M\u00e1rio de Andrade chama |\u201dA biblioteca deu in\u00edcio ao chama&#8230;"},"content":{"rendered":"<p>[ad_1]<br \/>\n<img data-recalc-dims=\"1\" decoding=\"async\" src=\"https:\/\/i0.wp.com\/www.pedroandretta.info\/index\/wp-content\/uploads\/2020\/05\/Editoras-a-Biblioteca-Mario-de-Andrade-chama-%E2%80%9DA-biblioteca-deu.jpg?w=696&#038;ssl=1\"\/><\/p>\n<blockquote class=\"twitter-tweet\">\n<p lang=\"pt\" dir=\"ltr\">Editoras, a Biblioteca M\u00e1rio de Andrade chama |\u201dA biblioteca deu in\u00edcio ao chamamento e em breve lan\u00e7ar\u00e1 o edital para compras de livros no valor de R$ 100 mil. A ideia [&#8230;] \u00e9 ampliar a lista de compras para que seja mais diversa e atual.\u201d via PublishNews <a target=\"_blank\" href=\"https:\/\/t.co\/dm0N4eeWmv\" rel=\"noopener noreferrer\">https:\/\/t.co\/dm0N4eeWmv<\/a><\/p>\n<p>&mdash; Pedro Andretta (@pedroisandretta) <a target=\"_blank\" href=\"https:\/\/twitter.com\/pedroisandretta\/status\/1260632048529702913?ref_src=twsrc%5Etfw\" rel=\"noopener noreferrer\">May 13, 2020<\/a><\/p><\/blockquote>\n<p><script async src=\"https:\/\/platform.twitter.com\/widgets.js\" charset=\"utf-8\"><\/script><\/p>\n<p>[ad_2]<br \/>\n<br \/><a href=\"https:\/\/twitter.com\/pedroisandretta\/statuses\/1260632048529702913\">Fonte<\/a> : Projeto <a href=\"https:\/\/www.pedroandretta.info\/informeci\">Informe-CI<\/a><\/p>\n","protected":false},"excerpt":{"rendered":"<p>[ad_1] Editoras, a Biblioteca M\u00e1rio de Andrade chama |\u201dA biblioteca deu in\u00edcio ao chamamento e em breve lan\u00e7ar\u00e1 o edital para compras de livros no valor de R$ 100 mil. A ideia [&#8230;] \u00e9 ampliar a lista de compras para que seja mais diversa e atual.\u201d via PublishNews https:\/\/t.co\/dm0N4eeWmv &mdash; Pedro Andretta (@pedroisandretta) May 13,<\/p><\/div>\n<div class=\"blog-btn\"><a href=\"https:\/\/www.pedroandretta.info\/index\/2020\/05\/editoras-a-biblioteca-mario-de-andrade-chama-a-biblioteca-deu-inicio-ao-chama\/\" class=\"home-blog-btn\">Ler mais<\/a><\/p>\n","protected":false},"author":1,"featured_media":5560,"comment_status":"open","ping_status":"open","sticky":false,"template":"","format":"standard","meta":{"_jetpack_memberships_contains_paid_content":false,"footnotes":"","jetpack_publicize_message":"","jetpack_publicize_feature_enabled":true,"jetpack_social_post_already_shared":true,"jetpack_social_options":{"image_generator_settings":{"template":"highway","default_image_id":0,"font":"","enabled":false},"version":2}},"categories":[21],"tags":[],"class_list":["post-5559","post","type-post","status-publish","format-standard","has-post-thumbnail","hentry","category-informeci"],"jetpack_publicize_connections":[],"jetpack_featured_media_url":"https:\/\/i0.wp.com\/www.pedroandretta.info\/index\/wp-content\/uploads\/2020\/05\/Editoras-a-Biblioteca-Mario-de-Andrade-chama-%E2%80%9DA-biblioteca-deu.jpg?fit=900%2C597&ssl=1","views":"","jetpack_sharing_enabled":true,"_links":{"self":[{"href":"https:\/\/www.pedroandretta.info\/index\/wp-json\/wp\/v2\/posts\/5559","targetHints":{"allow":["GET"]}}],"collection":[{"href":"https:\/\/www.pedroandretta.info\/index\/wp-json\/wp\/v2\/posts"}],"about":[{"href":"https:\/\/www.pedroandretta.info\/index\/wp-json\/wp\/v2\/types\/post"}],"author":[{"embeddable":true,"href":"https:\/\/www.pedroandretta.info\/index\/wp-json\/wp\/v2\/users\/1"}],"replies":[{"embeddable":true,"href":"https:\/\/www.pedroandretta.info\/index\/wp-json\/wp\/v2\/comments?post=5559"}],"version-history":[{"count":0,"href":"https:\/\/www.pedroandretta.info\/index\/wp-json\/wp\/v2\/posts\/5559\/revisions"}],"wp:featuredmedia":[{"embeddable":true,"href":"https:\/\/www.pedroandretta.info\/index\/wp-json\/wp\/v2\/media\/5560"}],"wp:attachment":[{"href":"https:\/\/www.pedroandretta.info\/index\/wp-json\/wp\/v2\/media?parent=5559"}],"wp:term":[{"taxonomy":"category","embeddable":true,"href":"https:\/\/www.pedroandretta.info\/index\/wp-json\/wp\/v2\/categories?post=5559"},{"taxonomy":"post_tag","embeddable":true,"href":"https:\/\/www.pedroandretta.info\/index\/wp-json\/wp\/v2\/tags?post=5559"}],"curies":[{"name":"wp","href":"https:\/\/api.w.org\/{rel}","templated":true}]}}