{"id":5639,"date":"2020-05-19T15:22:31","date_gmt":"2020-05-19T19:22:31","guid":{"rendered":"https:\/\/www.pedroandretta.info\/index\/?p=5639"},"modified":"2020-05-19T15:22:31","modified_gmt":"2020-05-19T19:22:31","slug":"biblioterapia-das-dissertacoes-e-teses-aos-cursos-de-biblioteconomia-no-bras","status":"publish","type":"post","link":"https:\/\/www.pedroandretta.info\/index\/2020\/05\/biblioterapia-das-dissertacoes-e-teses-aos-cursos-de-biblioteconomia-no-bras\/","title":{"rendered":"#Biblioterapia : das disserta\u00e7\u00f5es e teses aos cursos de #Biblioteconomia no Bras&#8230;"},"content":{"rendered":"<p>[ad_1]<\/p>\n<blockquote class=\"twitter-tweet\">\n<p lang=\"pt\" dir=\"ltr\"><a target=\"_blank\" href=\"https:\/\/twitter.com\/hashtag\/Biblioterapia?src=hash&amp;ref_src=twsrc%5Etfw\" rel=\"noopener noreferrer\">#Biblioterapia<\/a> : das disserta\u00e7\u00f5es e teses aos cursos de <a target=\"_blank\" href=\"https:\/\/twitter.com\/hashtag\/Biblioteconomia?src=hash&amp;ref_src=twsrc%5Etfw\" rel=\"noopener noreferrer\">#Biblioteconomia<\/a> no Brasil |\u201cCada autor descreve uma defini\u00e7\u00e3o do que \u00e9 biblioterapia, mas todas as defini\u00e7\u00f5es est\u00e3o de certa forma interligada [&#8230;]\u201d(obs.: Biblioterapia \u00e9 tamb\u00e9m optativa na UNIR!) <a target=\"_blank\" href=\"https:\/\/t.co\/1F36dt9SfW\" rel=\"noopener noreferrer\">https:\/\/t.co\/1F36dt9SfW<\/a> <a target=\"_blank\" href=\"https:\/\/t.co\/BPflc1AQBc\" rel=\"noopener noreferrer\">pic.twitter.com\/BPflc1AQBc<\/a><\/p>\n<p>&mdash; Pedro Andretta (@pedroisandretta) <a target=\"_blank\" href=\"https:\/\/twitter.com\/pedroisandretta\/status\/1262825983457071108?ref_src=twsrc%5Etfw\" rel=\"noopener noreferrer\">May 19, 2020<\/a><\/p><\/blockquote>\n<p><script async src=\"https:\/\/platform.twitter.com\/widgets.js\" charset=\"utf-8\"><\/script><\/p>\n<p>[ad_2]<br \/>\n<br \/><a href=\"https:\/\/twitter.com\/pedroisandretta\/statuses\/1262825983457071108\">Fonte<\/a> : Projeto <a href=\"https:\/\/www.pedroandretta.info\/informeci\">Informe-CI<\/a><\/p>\n","protected":false},"excerpt":{"rendered":"<p>[ad_1] #Biblioterapia : das disserta\u00e7\u00f5es e teses aos cursos de #Biblioteconomia no Brasil |\u201cCada autor descreve uma defini\u00e7\u00e3o do que \u00e9 biblioterapia, mas todas as defini\u00e7\u00f5es est\u00e3o de certa forma interligada [&#8230;]\u201d(obs.: Biblioterapia \u00e9 tamb\u00e9m optativa na UNIR!) https:\/\/t.co\/1F36dt9SfW pic.twitter.com\/BPflc1AQBc &mdash; Pedro Andretta (@pedroisandretta) May 19, 2020 [ad_2] Fonte : Projeto Informe-CI<\/p>\n","protected":false},"author":1,"featured_media":0,"comment_status":"open","ping_status":"open","sticky":false,"template":"","format":"standard","meta":{"_jetpack_memberships_contains_paid_content":false,"footnotes":"","jetpack_publicize_message":"","jetpack_publicize_feature_enabled":true,"jetpack_social_post_already_shared":true,"jetpack_social_options":{"image_generator_settings":{"template":"highway","default_image_id":0,"font":"","enabled":false},"version":2}},"categories":[21],"tags":[33,120],"class_list":["post-5639","post","type-post","status-publish","format-standard","hentry","category-informeci","tag-biblioteconomia","tag-biblioterapia"],"jetpack_publicize_connections":[],"jetpack_featured_media_url":"","views":"","jetpack_sharing_enabled":true,"_links":{"self":[{"href":"https:\/\/www.pedroandretta.info\/index\/wp-json\/wp\/v2\/posts\/5639","targetHints":{"allow":["GET"]}}],"collection":[{"href":"https:\/\/www.pedroandretta.info\/index\/wp-json\/wp\/v2\/posts"}],"about":[{"href":"https:\/\/www.pedroandretta.info\/index\/wp-json\/wp\/v2\/types\/post"}],"author":[{"embeddable":true,"href":"https:\/\/www.pedroandretta.info\/index\/wp-json\/wp\/v2\/users\/1"}],"replies":[{"embeddable":true,"href":"https:\/\/www.pedroandretta.info\/index\/wp-json\/wp\/v2\/comments?post=5639"}],"version-history":[{"count":0,"href":"https:\/\/www.pedroandretta.info\/index\/wp-json\/wp\/v2\/posts\/5639\/revisions"}],"wp:attachment":[{"href":"https:\/\/www.pedroandretta.info\/index\/wp-json\/wp\/v2\/media?parent=5639"}],"wp:term":[{"taxonomy":"category","embeddable":true,"href":"https:\/\/www.pedroandretta.info\/index\/wp-json\/wp\/v2\/categories?post=5639"},{"taxonomy":"post_tag","embeddable":true,"href":"https:\/\/www.pedroandretta.info\/index\/wp-json\/wp\/v2\/tags?post=5639"}],"curies":[{"name":"wp","href":"https:\/\/api.w.org\/{rel}","templated":true}]}}