{"id":5821,"date":"2020-05-28T13:16:54","date_gmt":"2020-05-28T17:16:54","guid":{"rendered":"https:\/\/www.pedroandretta.info\/index\/?p=5821"},"modified":"2020-05-28T13:16:54","modified_gmt":"2020-05-28T17:16:54","slug":"as-bibliotecas-devem-mudar-mas-seriamos-irresponsaveis-ao-declarar-que","status":"publish","type":"post","link":"https:\/\/www.pedroandretta.info\/index\/2020\/05\/as-bibliotecas-devem-mudar-mas-seriamos-irresponsaveis-ao-declarar-que\/","title":{"rendered":"As #bibliotecas devem mudar | \u201dMas ser\u00edamos irrespons\u00e1veis [&#8230;] ao declarar que&#8230;"},"content":{"rendered":"<p>[ad_1]<br \/>\n<img data-recalc-dims=\"1\" decoding=\"async\" src=\"https:\/\/i0.wp.com\/www.pedroandretta.info\/index\/wp-content\/uploads\/2020\/05\/As-bibliotecas-devem-mudar-%E2%80%9DMas-seriamos-irresponsaveis-ao.jpg?w=696&#038;ssl=1\"\/><\/p>\n<blockquote class=\"twitter-tweet\">\n<p lang=\"pt\" dir=\"ltr\">As <a target=\"_blank\" href=\"https:\/\/twitter.com\/hashtag\/bibliotecas?src=hash&amp;ref_src=twsrc%5Etfw\" rel=\"noopener noreferrer\">#bibliotecas<\/a> devem mudar | \u201dMas ser\u00edamos irrespons\u00e1veis [&#8230;] ao declarar que a &quot;biblioteca do futuro&quot; \u00e9 apenas online. Mesmo no mundo digital, as bibliotecas f\u00edsicas desempenham um papel fundamental em nossas <a target=\"_blank\" href=\"https:\/\/twitter.com\/hashtag\/comunidades?src=hash&amp;ref_src=twsrc%5Etfw\" rel=\"noopener noreferrer\">#comunidades<\/a> .\u201d \ud83c\uddfa\ud83c\uddf8 via The New York Times <a target=\"_blank\" href=\"https:\/\/t.co\/Ii9mx72als\" rel=\"noopener noreferrer\">https:\/\/t.co\/Ii9mx72als<\/a><\/p>\n<p>&mdash; Pedro Andretta (@pedroisandretta) <a target=\"_blank\" href=\"https:\/\/twitter.com\/pedroisandretta\/status\/1266055860779966465?ref_src=twsrc%5Etfw\" rel=\"noopener noreferrer\">May 28, 2020<\/a><\/p><\/blockquote>\n<p><script async src=\"https:\/\/platform.twitter.com\/widgets.js\" charset=\"utf-8\"><\/script><\/p>\n<p>[ad_2]<br \/>\n<br \/><a href=\"https:\/\/twitter.com\/pedroisandretta\/statuses\/1266055860779966465\">Fonte<\/a> : Projeto <a href=\"https:\/\/www.pedroandretta.info\/informeci\">Informe-CI<\/a><\/p>\n","protected":false},"excerpt":{"rendered":"<p>[ad_1] As #bibliotecas devem mudar | \u201dMas ser\u00edamos irrespons\u00e1veis [&#8230;] ao declarar que a &quot;biblioteca do futuro&quot; \u00e9 apenas online. Mesmo no mundo digital, as bibliotecas f\u00edsicas desempenham um papel fundamental em nossas #comunidades .\u201d \ud83c\uddfa\ud83c\uddf8 via The New York Times https:\/\/t.co\/Ii9mx72als &mdash; Pedro Andretta (@pedroisandretta) May 28, 2020 [ad_2] Fonte : Projeto Informe-CI<\/p>\n","protected":false},"author":1,"featured_media":5822,"comment_status":"open","ping_status":"open","sticky":false,"template":"","format":"standard","meta":{"_jetpack_memberships_contains_paid_content":false,"footnotes":"","jetpack_publicize_message":"","jetpack_publicize_feature_enabled":true,"jetpack_social_post_already_shared":true,"jetpack_social_options":{"image_generator_settings":{"template":"highway","default_image_id":0,"font":"","enabled":false},"version":2}},"categories":[21],"tags":[38,918],"class_list":["post-5821","post","type-post","status-publish","format-standard","has-post-thumbnail","hentry","category-informeci","tag-bibliotecas","tag-comunidades"],"jetpack_publicize_connections":[],"jetpack_featured_media_url":"https:\/\/i0.wp.com\/www.pedroandretta.info\/index\/wp-content\/uploads\/2020\/05\/As-bibliotecas-devem-mudar-%E2%80%9DMas-seriamos-irresponsaveis-ao.jpg?fit=1600%2C900&ssl=1","views":"","jetpack_sharing_enabled":true,"_links":{"self":[{"href":"https:\/\/www.pedroandretta.info\/index\/wp-json\/wp\/v2\/posts\/5821","targetHints":{"allow":["GET"]}}],"collection":[{"href":"https:\/\/www.pedroandretta.info\/index\/wp-json\/wp\/v2\/posts"}],"about":[{"href":"https:\/\/www.pedroandretta.info\/index\/wp-json\/wp\/v2\/types\/post"}],"author":[{"embeddable":true,"href":"https:\/\/www.pedroandretta.info\/index\/wp-json\/wp\/v2\/users\/1"}],"replies":[{"embeddable":true,"href":"https:\/\/www.pedroandretta.info\/index\/wp-json\/wp\/v2\/comments?post=5821"}],"version-history":[{"count":0,"href":"https:\/\/www.pedroandretta.info\/index\/wp-json\/wp\/v2\/posts\/5821\/revisions"}],"wp:featuredmedia":[{"embeddable":true,"href":"https:\/\/www.pedroandretta.info\/index\/wp-json\/wp\/v2\/media\/5822"}],"wp:attachment":[{"href":"https:\/\/www.pedroandretta.info\/index\/wp-json\/wp\/v2\/media?parent=5821"}],"wp:term":[{"taxonomy":"category","embeddable":true,"href":"https:\/\/www.pedroandretta.info\/index\/wp-json\/wp\/v2\/categories?post=5821"},{"taxonomy":"post_tag","embeddable":true,"href":"https:\/\/www.pedroandretta.info\/index\/wp-json\/wp\/v2\/tags?post=5821"}],"curies":[{"name":"wp","href":"https:\/\/api.w.org\/{rel}","templated":true}]}}