{"id":5869,"date":"2020-06-01T14:35:27","date_gmt":"2020-06-01T18:35:27","guid":{"rendered":"https:\/\/www.pedroandretta.info\/index\/?p=5869"},"modified":"2020-06-01T14:35:27","modified_gmt":"2020-06-01T18:35:27","slug":"acessoaberto-e-o-novonormal-webinar-promovido-pelo-grupo-gestao-da-informaca","status":"publish","type":"post","link":"https:\/\/www.pedroandretta.info\/index\/2020\/06\/acessoaberto-e-o-novonormal-webinar-promovido-pelo-grupo-gestao-da-informaca\/","title":{"rendered":"#AcessoAberto e o #NovoNormal | Webinar promovido pelo grupo Gest\u00e3o da Informa\u00e7\u00e3&#8230;"},"content":{"rendered":"<p>[ad_1]<br \/>\n<img data-recalc-dims=\"1\" decoding=\"async\" src=\"https:\/\/i0.wp.com\/www.pedroandretta.info\/index\/wp-content\/uploads\/2020\/06\/AcessoAberto-e-o-NovoNormal-Webinar-promovido-pelo-grupo-Gestao.jpg?w=696&#038;ssl=1\"\/><\/p>\n<blockquote class=\"twitter-tweet\">\n<p lang=\"pt\" dir=\"ltr\"><a target=\"_blank\" href=\"https:\/\/twitter.com\/hashtag\/AcessoAberto?src=hash&amp;ref_src=twsrc%5Etfw\" rel=\"noopener noreferrer\">#AcessoAberto<\/a> e o <a target=\"_blank\" href=\"https:\/\/twitter.com\/hashtag\/NovoNormal?src=hash&amp;ref_src=twsrc%5Etfw\" rel=\"noopener noreferrer\">#NovoNormal<\/a> | Webinar promovido pelo grupo Gest\u00e3o da Informa\u00e7\u00e3o e do Conhecimento na Amaz\u00f4nia (GICA), da Universidade Federal do Amazonas (UFAM), em parceria com Neki-IT sobre <a target=\"_blank\" href=\"https:\/\/twitter.com\/hashtag\/reposit%C3%B3rios?src=hash&amp;ref_src=twsrc%5Etfw\" rel=\"noopener noreferrer\">#reposit\u00f3rios<\/a> , <a target=\"_blank\" href=\"https:\/\/twitter.com\/hashtag\/Ci%C3%AAnciaAberta?src=hash&amp;ref_src=twsrc%5Etfw\" rel=\"noopener noreferrer\">#Ci\u00eanciaAberta<\/a> e a epidemia de <a target=\"_blank\" href=\"https:\/\/twitter.com\/hashtag\/COVID19?src=hash&amp;ref_src=twsrc%5Etfw\" rel=\"noopener noreferrer\">#COVID19<\/a> . <a target=\"_blank\" href=\"https:\/\/t.co\/Y8NgcQ3qdt\" rel=\"noopener noreferrer\">https:\/\/t.co\/Y8NgcQ3qdt<\/a><\/p>\n<p>&mdash; Pedro Andretta (@pedroisandretta) <a target=\"_blank\" href=\"https:\/\/twitter.com\/pedroisandretta\/status\/1267525181389635584?ref_src=twsrc%5Etfw\" rel=\"noopener noreferrer\">June 1, 2020<\/a><\/p><\/blockquote>\n<p><script async src=\"https:\/\/platform.twitter.com\/widgets.js\" charset=\"utf-8\"><\/script><\/p>\n<p>[ad_2]<br \/>\n<br \/><a href=\"https:\/\/twitter.com\/pedroisandretta\/statuses\/1267525181389635584\">Fonte<\/a> : Projeto <a href=\"https:\/\/www.pedroandretta.info\/informeci\">Informe-CI<\/a><\/p>\n","protected":false},"excerpt":{"rendered":"<p>[ad_1] #AcessoAberto e o #NovoNormal | Webinar promovido pelo grupo Gest\u00e3o da Informa\u00e7\u00e3o e do Conhecimento na Amaz\u00f4nia (GICA), da Universidade Federal do Amazonas (UFAM), em parceria com Neki-IT sobre #reposit\u00f3rios , #Ci\u00eanciaAberta e a epidemia de #COVID19 . https:\/\/t.co\/Y8NgcQ3qdt &mdash; Pedro Andretta (@pedroisandretta) June 1, 2020 [ad_2] Fonte : Projeto Informe-CI<\/p>\n","protected":false},"author":1,"featured_media":5870,"comment_status":"open","ping_status":"open","sticky":false,"template":"","format":"standard","meta":{"_jetpack_memberships_contains_paid_content":false,"footnotes":"","jetpack_publicize_message":"","jetpack_publicize_feature_enabled":true,"jetpack_social_post_already_shared":true,"jetpack_social_options":{"image_generator_settings":{"template":"highway","default_image_id":0,"font":"","enabled":false},"version":2}},"categories":[21],"tags":[320,198,618,947,244],"class_list":["post-5869","post","type-post","status-publish","format-standard","has-post-thumbnail","hentry","category-informeci","tag-acessoaberto","tag-cienciaaberta","tag-covid19","tag-novonormal","tag-repositorios"],"jetpack_publicize_connections":[],"jetpack_featured_media_url":"https:\/\/i0.wp.com\/www.pedroandretta.info\/index\/wp-content\/uploads\/2020\/06\/AcessoAberto-e-o-NovoNormal-Webinar-promovido-pelo-grupo-Gestao.jpg?fit=1280%2C720&ssl=1","views":"","jetpack_sharing_enabled":true,"_links":{"self":[{"href":"https:\/\/www.pedroandretta.info\/index\/wp-json\/wp\/v2\/posts\/5869","targetHints":{"allow":["GET"]}}],"collection":[{"href":"https:\/\/www.pedroandretta.info\/index\/wp-json\/wp\/v2\/posts"}],"about":[{"href":"https:\/\/www.pedroandretta.info\/index\/wp-json\/wp\/v2\/types\/post"}],"author":[{"embeddable":true,"href":"https:\/\/www.pedroandretta.info\/index\/wp-json\/wp\/v2\/users\/1"}],"replies":[{"embeddable":true,"href":"https:\/\/www.pedroandretta.info\/index\/wp-json\/wp\/v2\/comments?post=5869"}],"version-history":[{"count":0,"href":"https:\/\/www.pedroandretta.info\/index\/wp-json\/wp\/v2\/posts\/5869\/revisions"}],"wp:featuredmedia":[{"embeddable":true,"href":"https:\/\/www.pedroandretta.info\/index\/wp-json\/wp\/v2\/media\/5870"}],"wp:attachment":[{"href":"https:\/\/www.pedroandretta.info\/index\/wp-json\/wp\/v2\/media?parent=5869"}],"wp:term":[{"taxonomy":"category","embeddable":true,"href":"https:\/\/www.pedroandretta.info\/index\/wp-json\/wp\/v2\/categories?post=5869"},{"taxonomy":"post_tag","embeddable":true,"href":"https:\/\/www.pedroandretta.info\/index\/wp-json\/wp\/v2\/tags?post=5869"}],"curies":[{"name":"wp","href":"https:\/\/api.w.org\/{rel}","templated":true}]}}