{"id":5878,"date":"2020-06-01T15:00:55","date_gmt":"2020-06-01T19:00:55","guid":{"rendered":"https:\/\/www.pedroandretta.info\/index\/?p=5878"},"modified":"2020-06-01T15:00:55","modified_gmt":"2020-06-01T19:00:55","slug":"lancada-nova-edicao-da-liinc-em-revista-do-ibict-dossie-economia-politica-da","status":"publish","type":"post","link":"https:\/\/www.pedroandretta.info\/index\/2020\/06\/lancada-nova-edicao-da-liinc-em-revista-do-ibict-dossie-economia-politica-da\/","title":{"rendered":"Lan\u00e7ada nova edi\u00e7\u00e3o da Liinc em Revista, do IBICT! Dossi\u00ea \u201cEconomia Pol\u00edtica da &#8230;"},"content":{"rendered":"<p>[ad_1]<\/p>\n<blockquote class=\"twitter-tweet\">\n<p lang=\"pt\" dir=\"ltr\">Lan\u00e7ada nova edi\u00e7\u00e3o da Liinc em Revista, do IBICT! Dossi\u00ea \u201cEconomia Pol\u00edtica da <a target=\"_blank\" href=\"https:\/\/twitter.com\/hashtag\/Informa%C3%A7%C3%A3o?src=hash&amp;ref_src=twsrc%5Etfw\" rel=\"noopener noreferrer\">#Informa\u00e7\u00e3o<\/a> , da Comunica\u00e7\u00e3o e da Cultura | \u201cA EPICC situa-se na interface entre a <a target=\"_blank\" href=\"https:\/\/twitter.com\/hashtag\/Comunica%C3%A7%C3%A3oSocial?src=hash&amp;ref_src=twsrc%5Etfw\" rel=\"noopener noreferrer\">#Comunica\u00e7\u00e3oSocial<\/a> , de onde deriva, e vertentes cr\u00edticas da <a target=\"_blank\" href=\"https:\/\/twitter.com\/hashtag\/EconomiaPol%C3%ADtica?src=hash&amp;ref_src=twsrc%5Etfw\" rel=\"noopener noreferrer\">#EconomiaPol\u00edtica<\/a> \u201d. <a target=\"_blank\" href=\"https:\/\/twitter.com\/hashtag\/RevistasCI?src=hash&amp;ref_src=twsrc%5Etfw\" rel=\"noopener noreferrer\">#RevistasCI<\/a> <a target=\"_blank\" href=\"https:\/\/t.co\/GhiIfOFPfS\" rel=\"noopener noreferrer\">https:\/\/t.co\/GhiIfOFPfS<\/a> <a target=\"_blank\" href=\"https:\/\/t.co\/5CyYDf5TCy\" rel=\"noopener noreferrer\">pic.twitter.com\/5CyYDf5TCy<\/a><\/p>\n<p>&mdash; Pedro Andretta (@pedroisandretta) <a target=\"_blank\" href=\"https:\/\/twitter.com\/pedroisandretta\/status\/1267531589585702917?ref_src=twsrc%5Etfw\" rel=\"noopener noreferrer\">June 1, 2020<\/a><\/p><\/blockquote>\n<p><script async src=\"https:\/\/platform.twitter.com\/widgets.js\" charset=\"utf-8\"><\/script><\/p>\n<p>[ad_2]<br \/>\n<br \/><a href=\"https:\/\/twitter.com\/pedroisandretta\/statuses\/1267531589585702917\">Fonte<\/a> : Projeto <a href=\"https:\/\/www.pedroandretta.info\/informeci\">Informe-CI<\/a><\/p>\n","protected":false},"excerpt":{"rendered":"<p>[ad_1] Lan\u00e7ada nova edi\u00e7\u00e3o da Liinc em Revista, do IBICT! Dossi\u00ea \u201cEconomia Pol\u00edtica da #Informa\u00e7\u00e3o , da Comunica\u00e7\u00e3o e da Cultura | \u201cA EPICC situa-se na interface entre a #Comunica\u00e7\u00e3oSocial , de onde deriva, e vertentes cr\u00edticas da #EconomiaPol\u00edtica \u201d. #RevistasCI https:\/\/t.co\/GhiIfOFPfS pic.twitter.com\/5CyYDf5TCy &mdash; Pedro Andretta (@pedroisandretta) June 1, 2020 [ad_2] Fonte : Projeto Informe-CI<\/p>\n","protected":false},"author":1,"featured_media":5879,"comment_status":"open","ping_status":"open","sticky":false,"template":"","format":"standard","meta":{"_jetpack_memberships_contains_paid_content":false,"footnotes":"","jetpack_publicize_message":"","jetpack_publicize_feature_enabled":true,"jetpack_social_post_already_shared":true,"jetpack_social_options":{"image_generator_settings":{"template":"highway","default_image_id":0,"font":"","enabled":false},"version":2}},"categories":[21],"tags":[950,951,228,196],"class_list":["post-5878","post","type-post","status-publish","format-standard","has-post-thumbnail","hentry","category-informeci","tag-comunicacaosocial","tag-economiapolitica","tag-informacao","tag-revistasci"],"jetpack_publicize_connections":[],"jetpack_featured_media_url":"https:\/\/i0.wp.com\/www.pedroandretta.info\/index\/wp-content\/uploads\/2020\/06\/Lancada-nova-edicao-da-Liinc-em-Revista-do-IBICT-Dossie.jpg?fit=640%2C1054&ssl=1","views":"","jetpack_sharing_enabled":true,"_links":{"self":[{"href":"https:\/\/www.pedroandretta.info\/index\/wp-json\/wp\/v2\/posts\/5878","targetHints":{"allow":["GET"]}}],"collection":[{"href":"https:\/\/www.pedroandretta.info\/index\/wp-json\/wp\/v2\/posts"}],"about":[{"href":"https:\/\/www.pedroandretta.info\/index\/wp-json\/wp\/v2\/types\/post"}],"author":[{"embeddable":true,"href":"https:\/\/www.pedroandretta.info\/index\/wp-json\/wp\/v2\/users\/1"}],"replies":[{"embeddable":true,"href":"https:\/\/www.pedroandretta.info\/index\/wp-json\/wp\/v2\/comments?post=5878"}],"version-history":[{"count":0,"href":"https:\/\/www.pedroandretta.info\/index\/wp-json\/wp\/v2\/posts\/5878\/revisions"}],"wp:featuredmedia":[{"embeddable":true,"href":"https:\/\/www.pedroandretta.info\/index\/wp-json\/wp\/v2\/media\/5879"}],"wp:attachment":[{"href":"https:\/\/www.pedroandretta.info\/index\/wp-json\/wp\/v2\/media?parent=5878"}],"wp:term":[{"taxonomy":"category","embeddable":true,"href":"https:\/\/www.pedroandretta.info\/index\/wp-json\/wp\/v2\/categories?post=5878"},{"taxonomy":"post_tag","embeddable":true,"href":"https:\/\/www.pedroandretta.info\/index\/wp-json\/wp\/v2\/tags?post=5878"}],"curies":[{"name":"wp","href":"https:\/\/api.w.org\/{rel}","templated":true}]}}