{"id":5899,"date":"2020-06-03T14:00:02","date_gmt":"2020-06-03T18:00:02","guid":{"rendered":"https:\/\/www.pedroandretta.info\/index\/?p=5899"},"modified":"2020-06-03T14:00:02","modified_gmt":"2020-06-03T18:00:02","slug":"por-que-crescemos-racistas-por-cristian-brayner-sim-suspeito-que-todos-nos","status":"publish","type":"post","link":"https:\/\/www.pedroandretta.info\/index\/2020\/06\/por-que-crescemos-racistas-por-cristian-brayner-sim-suspeito-que-todos-nos\/","title":{"rendered":"Por que crescemos racistas?, por Cristian Brayner | \u201cSim, suspeito que todos n\u00f3s&#8230;"},"content":{"rendered":"<p>[ad_1]<br \/>\n<img data-recalc-dims=\"1\" decoding=\"async\" src=\"https:\/\/i0.wp.com\/www.pedroandretta.info\/index\/wp-content\/uploads\/2020\/06\/Por-que-crescemos-racistas-por-Cristian-Brayner-%E2%80%9CSim-suspeito.jpg?w=696&#038;ssl=1\"\/><\/p>\n<blockquote class=\"twitter-tweet\">\n<p lang=\"pt\" dir=\"ltr\">Por que crescemos racistas?, por Cristian Brayner | \u201cSim, suspeito que todos n\u00f3s, sem exce\u00e7\u00e3o, violentamos em maior ou menor grau brasileiros e brasileiras pelo fato de serem negros e negras\u201d <a target=\"_blank\" href=\"https:\/\/twitter.com\/hashtag\/racismo?src=hash&amp;ref_src=twsrc%5Etfw\" rel=\"noopener noreferrer\">#racismo<\/a> <a target=\"_blank\" href=\"https:\/\/twitter.com\/hashtag\/antirracismo?src=hash&amp;ref_src=twsrc%5Etfw\" rel=\"noopener noreferrer\">#antirracismo<\/a> via \u2066<a target=\"_blank\" href=\"https:\/\/twitter.com\/biblioo?ref_src=twsrc%5Etfw\" rel=\"noopener noreferrer\">@biblioo<\/a>\u2069 Biblioo <a target=\"_blank\" href=\"https:\/\/t.co\/jZ9re8dOAZ\" rel=\"noopener noreferrer\">https:\/\/t.co\/jZ9re8dOAZ<\/a><\/p>\n<p>&mdash; Pedro Andretta (@pedroisandretta) <a target=\"_blank\" href=\"https:\/\/twitter.com\/pedroisandretta\/status\/1268241045046861826?ref_src=twsrc%5Etfw\" rel=\"noopener noreferrer\">June 3, 2020<\/a><\/p><\/blockquote>\n<p><script async src=\"https:\/\/platform.twitter.com\/widgets.js\" charset=\"utf-8\"><\/script><\/p>\n<p>[ad_2]<br \/>\n<br \/><a href=\"https:\/\/twitter.com\/pedroisandretta\/statuses\/1268241045046861826\">Fonte<\/a> : Projeto <a href=\"https:\/\/www.pedroandretta.info\/informeci\">Informe-CI<\/a><\/p>\n","protected":false},"excerpt":{"rendered":"<p>[ad_1] Por que crescemos racistas?, por Cristian Brayner | \u201cSim, suspeito que todos n\u00f3s, sem exce\u00e7\u00e3o, violentamos em maior ou menor grau brasileiros e brasileiras pelo fato de serem negros e negras\u201d #racismo #antirracismo via \u2066@biblioo\u2069 Biblioo https:\/\/t.co\/jZ9re8dOAZ &mdash; Pedro Andretta (@pedroisandretta) June 3, 2020 [ad_2] Fonte : Projeto Informe-CI<\/p>\n","protected":false},"author":1,"featured_media":5900,"comment_status":"open","ping_status":"open","sticky":false,"template":"","format":"standard","meta":{"_jetpack_memberships_contains_paid_content":false,"footnotes":"","jetpack_publicize_message":"","jetpack_publicize_feature_enabled":true,"jetpack_social_post_already_shared":true,"jetpack_social_options":{"image_generator_settings":{"template":"highway","default_image_id":0,"font":"","enabled":false},"version":2}},"categories":[21],"tags":[952,247],"class_list":["post-5899","post","type-post","status-publish","format-standard","has-post-thumbnail","hentry","category-informeci","tag-antirracismo","tag-racismo"],"jetpack_publicize_connections":[],"jetpack_featured_media_url":"https:\/\/i0.wp.com\/www.pedroandretta.info\/index\/wp-content\/uploads\/2020\/06\/Por-que-crescemos-racistas-por-Cristian-Brayner-%E2%80%9CSim-suspeito.jpg?fit=1500%2C500&ssl=1","views":"","jetpack_sharing_enabled":true,"_links":{"self":[{"href":"https:\/\/www.pedroandretta.info\/index\/wp-json\/wp\/v2\/posts\/5899","targetHints":{"allow":["GET"]}}],"collection":[{"href":"https:\/\/www.pedroandretta.info\/index\/wp-json\/wp\/v2\/posts"}],"about":[{"href":"https:\/\/www.pedroandretta.info\/index\/wp-json\/wp\/v2\/types\/post"}],"author":[{"embeddable":true,"href":"https:\/\/www.pedroandretta.info\/index\/wp-json\/wp\/v2\/users\/1"}],"replies":[{"embeddable":true,"href":"https:\/\/www.pedroandretta.info\/index\/wp-json\/wp\/v2\/comments?post=5899"}],"version-history":[{"count":0,"href":"https:\/\/www.pedroandretta.info\/index\/wp-json\/wp\/v2\/posts\/5899\/revisions"}],"wp:featuredmedia":[{"embeddable":true,"href":"https:\/\/www.pedroandretta.info\/index\/wp-json\/wp\/v2\/media\/5900"}],"wp:attachment":[{"href":"https:\/\/www.pedroandretta.info\/index\/wp-json\/wp\/v2\/media?parent=5899"}],"wp:term":[{"taxonomy":"category","embeddable":true,"href":"https:\/\/www.pedroandretta.info\/index\/wp-json\/wp\/v2\/categories?post=5899"},{"taxonomy":"post_tag","embeddable":true,"href":"https:\/\/www.pedroandretta.info\/index\/wp-json\/wp\/v2\/tags?post=5899"}],"curies":[{"name":"wp","href":"https:\/\/api.w.org\/{rel}","templated":true}]}}