{"id":5967,"date":"2020-06-08T09:53:57","date_gmt":"2020-06-08T13:53:57","guid":{"rendered":"https:\/\/www.pedroandretta.info\/index\/?p=5967"},"modified":"2020-06-08T09:53:57","modified_gmt":"2020-06-08T13:53:57","slug":"veiculos-de-comunicacao-formam-parceria-para-dar-transparencia-a-dados-de-covid","status":"publish","type":"post","link":"https:\/\/www.pedroandretta.info\/index\/2020\/06\/veiculos-de-comunicacao-formam-parceria-para-dar-transparencia-a-dados-de-covid\/","title":{"rendered":"Ve\u00edculos de comunica\u00e7\u00e3o formam parceria para dar transpar\u00eancia a dados de #covid&#8230;"},"content":{"rendered":"<p>[ad_1]<br \/>\n<img data-recalc-dims=\"1\" decoding=\"async\" src=\"https:\/\/i0.wp.com\/www.pedroandretta.info\/index\/wp-content\/uploads\/2020\/06\/Veiculos-de-comunicacao-formam-parceria-para-dar-transparencia-a-dados.jpg?w=696&#038;ssl=1\"\/><\/p>\n<blockquote class=\"twitter-tweet\">\n<p lang=\"pt\" dir=\"ltr\">Ve\u00edculos de comunica\u00e7\u00e3o formam parceria para dar transpar\u00eancia a dados de <a target=\"_blank\" href=\"https:\/\/twitter.com\/hashtag\/covid19?src=hash&amp;ref_src=twsrc%5Etfw\" rel=\"noopener noreferrer\">#covid19<\/a> | O Estado de S.Paulo, Folha de S.Paulo, O Globo, Extra, G1 e UOL formam parceria para coletar e apresentar os dados das Secretarias de Sa\u00fade as 20h. <a target=\"_blank\" href=\"https:\/\/twitter.com\/hashtag\/jornalismo?src=hash&amp;ref_src=twsrc%5Etfw\" rel=\"noopener noreferrer\">#jornalismo<\/a> via Estad\u00e3o <a target=\"_blank\" href=\"https:\/\/t.co\/hdqz8Zgeb0\" rel=\"noopener noreferrer\">https:\/\/t.co\/hdqz8Zgeb0<\/a><\/p>\n<p>&mdash; Pedro Andretta (@pedroisandretta) <a target=\"_blank\" href=\"https:\/\/twitter.com\/pedroisandretta\/status\/1269991054188707841?ref_src=twsrc%5Etfw\" rel=\"noopener noreferrer\">June 8, 2020<\/a><\/p><\/blockquote>\n<p><script async src=\"https:\/\/platform.twitter.com\/widgets.js\" charset=\"utf-8\"><\/script><\/p>\n<p>[ad_2]<br \/>\n<br \/><a href=\"https:\/\/twitter.com\/pedroisandretta\/statuses\/1269991054188707841\">Fonte<\/a> : Projeto <a href=\"https:\/\/www.pedroandretta.info\/informeci\">Informe-CI<\/a><\/p>\n","protected":false},"excerpt":{"rendered":"<p>[ad_1] Ve\u00edculos de comunica\u00e7\u00e3o formam parceria para dar transpar\u00eancia a dados de #covid19 | O Estado de S.Paulo, Folha de S.Paulo, O Globo, Extra, G1 e UOL formam parceria para coletar e apresentar os dados das Secretarias de Sa\u00fade as 20h. #jornalismo via Estad\u00e3o https:\/\/t.co\/hdqz8Zgeb0 &mdash; Pedro Andretta (@pedroisandretta) June 8, 2020 [ad_2] Fonte :<\/p><\/div>\n<div class=\"blog-btn\"><a href=\"https:\/\/www.pedroandretta.info\/index\/2020\/06\/veiculos-de-comunicacao-formam-parceria-para-dar-transparencia-a-dados-de-covid\/\" class=\"home-blog-btn\">Ler mais<\/a><\/p>\n","protected":false},"author":1,"featured_media":5968,"comment_status":"open","ping_status":"open","sticky":false,"template":"","format":"standard","meta":{"_jetpack_memberships_contains_paid_content":false,"footnotes":"","jetpack_publicize_message":"","jetpack_publicize_feature_enabled":true,"jetpack_social_post_already_shared":true,"jetpack_social_options":{"image_generator_settings":{"template":"highway","default_image_id":0,"font":"","enabled":false},"version":2}},"categories":[21],"tags":[618,723],"class_list":["post-5967","post","type-post","status-publish","format-standard","has-post-thumbnail","hentry","category-informeci","tag-covid19","tag-jornalismo"],"jetpack_publicize_connections":[],"jetpack_featured_media_url":"https:\/\/i0.wp.com\/www.pedroandretta.info\/index\/wp-content\/uploads\/2020\/06\/Veiculos-de-comunicacao-formam-parceria-para-dar-transparencia-a-dados.jpg?fit=932%2C621&ssl=1","views":"","jetpack_sharing_enabled":true,"_links":{"self":[{"href":"https:\/\/www.pedroandretta.info\/index\/wp-json\/wp\/v2\/posts\/5967","targetHints":{"allow":["GET"]}}],"collection":[{"href":"https:\/\/www.pedroandretta.info\/index\/wp-json\/wp\/v2\/posts"}],"about":[{"href":"https:\/\/www.pedroandretta.info\/index\/wp-json\/wp\/v2\/types\/post"}],"author":[{"embeddable":true,"href":"https:\/\/www.pedroandretta.info\/index\/wp-json\/wp\/v2\/users\/1"}],"replies":[{"embeddable":true,"href":"https:\/\/www.pedroandretta.info\/index\/wp-json\/wp\/v2\/comments?post=5967"}],"version-history":[{"count":0,"href":"https:\/\/www.pedroandretta.info\/index\/wp-json\/wp\/v2\/posts\/5967\/revisions"}],"wp:featuredmedia":[{"embeddable":true,"href":"https:\/\/www.pedroandretta.info\/index\/wp-json\/wp\/v2\/media\/5968"}],"wp:attachment":[{"href":"https:\/\/www.pedroandretta.info\/index\/wp-json\/wp\/v2\/media?parent=5967"}],"wp:term":[{"taxonomy":"category","embeddable":true,"href":"https:\/\/www.pedroandretta.info\/index\/wp-json\/wp\/v2\/categories?post=5967"},{"taxonomy":"post_tag","embeddable":true,"href":"https:\/\/www.pedroandretta.info\/index\/wp-json\/wp\/v2\/tags?post=5967"}],"curies":[{"name":"wp","href":"https:\/\/api.w.org\/{rel}","templated":true}]}}