{"id":5977,"date":"2020-06-08T15:06:55","date_gmt":"2020-06-08T19:06:55","guid":{"rendered":"https:\/\/www.pedroandretta.info\/index\/?p=5977"},"modified":"2020-06-08T15:06:55","modified_gmt":"2020-06-08T19:06:55","slug":"sbpc-se-une-a-mais-de-300-entidades-para-realizar-marcha-virtual-pela-vida-al","status":"publish","type":"post","link":"https:\/\/www.pedroandretta.info\/index\/2020\/06\/sbpc-se-une-a-mais-de-300-entidades-para-realizar-marcha-virtual-pela-vida-al\/","title":{"rendered":"SBPC se une a mais de 300 entidades para realizar Marcha Virtual pela Vida | \u201cAl&#8230;"},"content":{"rendered":"<p>[ad_1]<\/p>\n<blockquote class=\"twitter-tweet\">\n<p lang=\"pt\" dir=\"ltr\">SBPC se une a mais de 300 entidades para realizar Marcha Virtual pela Vida | \u201cAl\u00e9m dos debates online, as entidades promover\u00e3o um tuita\u00e7o no dia das 12h \u00e0s 13h com a hashtag <a target=\"_blank\" href=\"https:\/\/twitter.com\/hashtag\/MarchaPelaVida?src=hash&amp;ref_src=twsrc%5Etfw\" rel=\"noopener noreferrer\">#MarchaPelaVida<\/a> \u201c <a target=\"_blank\" href=\"https:\/\/twitter.com\/hashtag\/ci%C3%AAncia?src=hash&amp;ref_src=twsrc%5Etfw\" rel=\"noopener noreferrer\">#ci\u00eancia<\/a>  via Jornal da Ci\u00eancia <a target=\"_blank\" href=\"https:\/\/t.co\/WHAAgFcMQJ\" rel=\"noopener noreferrer\">https:\/\/t.co\/WHAAgFcMQJ<\/a><\/p>\n<p>&mdash; Pedro Andretta (@pedroisandretta) <a target=\"_blank\" href=\"https:\/\/twitter.com\/pedroisandretta\/status\/1270069816083329025?ref_src=twsrc%5Etfw\" rel=\"noopener noreferrer\">June 8, 2020<\/a><\/p><\/blockquote>\n<p><script async src=\"https:\/\/platform.twitter.com\/widgets.js\" charset=\"utf-8\"><\/script><\/p>\n<p>[ad_2]<br \/>\n<br \/><a href=\"https:\/\/twitter.com\/pedroisandretta\/statuses\/1270069816083329025\">Fonte<\/a> : Projeto <a href=\"https:\/\/www.pedroandretta.info\/informeci\">Informe-CI<\/a><\/p>\n","protected":false},"excerpt":{"rendered":"<p>[ad_1] SBPC se une a mais de 300 entidades para realizar Marcha Virtual pela Vida | \u201cAl\u00e9m dos debates online, as entidades promover\u00e3o um tuita\u00e7o no dia das 12h \u00e0s 13h com a hashtag #MarchaPelaVida \u201c #ci\u00eancia via Jornal da Ci\u00eancia https:\/\/t.co\/WHAAgFcMQJ &mdash; Pedro Andretta (@pedroisandretta) June 8, 2020 [ad_2] Fonte : Projeto Informe-CI<\/p>\n","protected":false},"author":1,"featured_media":0,"comment_status":"open","ping_status":"open","sticky":false,"template":"","format":"standard","meta":{"_jetpack_memberships_contains_paid_content":false,"footnotes":"","jetpack_publicize_message":"","jetpack_publicize_feature_enabled":true,"jetpack_social_post_already_shared":true,"jetpack_social_options":{"image_generator_settings":{"template":"highway","default_image_id":0,"font":"","enabled":false},"version":2}},"categories":[21],"tags":[128,979],"class_list":["post-5977","post","type-post","status-publish","format-standard","hentry","category-informeci","tag-ciencia","tag-marchapelavida"],"jetpack_publicize_connections":[],"jetpack_featured_media_url":"","views":"","jetpack_sharing_enabled":true,"_links":{"self":[{"href":"https:\/\/www.pedroandretta.info\/index\/wp-json\/wp\/v2\/posts\/5977","targetHints":{"allow":["GET"]}}],"collection":[{"href":"https:\/\/www.pedroandretta.info\/index\/wp-json\/wp\/v2\/posts"}],"about":[{"href":"https:\/\/www.pedroandretta.info\/index\/wp-json\/wp\/v2\/types\/post"}],"author":[{"embeddable":true,"href":"https:\/\/www.pedroandretta.info\/index\/wp-json\/wp\/v2\/users\/1"}],"replies":[{"embeddable":true,"href":"https:\/\/www.pedroandretta.info\/index\/wp-json\/wp\/v2\/comments?post=5977"}],"version-history":[{"count":0,"href":"https:\/\/www.pedroandretta.info\/index\/wp-json\/wp\/v2\/posts\/5977\/revisions"}],"wp:attachment":[{"href":"https:\/\/www.pedroandretta.info\/index\/wp-json\/wp\/v2\/media?parent=5977"}],"wp:term":[{"taxonomy":"category","embeddable":true,"href":"https:\/\/www.pedroandretta.info\/index\/wp-json\/wp\/v2\/categories?post=5977"},{"taxonomy":"post_tag","embeddable":true,"href":"https:\/\/www.pedroandretta.info\/index\/wp-json\/wp\/v2\/tags?post=5977"}],"curies":[{"name":"wp","href":"https:\/\/api.w.org\/{rel}","templated":true}]}}