{"id":5978,"date":"2020-06-08T17:56:52","date_gmt":"2020-06-08T21:56:52","guid":{"rendered":"https:\/\/www.pedroandretta.info\/index\/?p=5978"},"modified":"2020-06-08T17:56:52","modified_gmt":"2020-06-08T21:56:52","slug":"declaracao-da-presidente-da-ifla-o-racismo-nao-tem-lugar-na-sociedade-qu","status":"publish","type":"post","link":"https:\/\/www.pedroandretta.info\/index\/2020\/06\/declaracao-da-presidente-da-ifla-o-racismo-nao-tem-lugar-na-sociedade-qu\/","title":{"rendered":"Declara\u00e7\u00e3o da Presidente [&#8230;] da IFLA: O racismo n\u00e3o tem lugar na #sociedade qu&#8230;"},"content":{"rendered":"<p>[ad_1]<\/p>\n<blockquote class=\"twitter-tweet\">\n<p lang=\"pt\" dir=\"ltr\">Declara\u00e7\u00e3o da Presidente [&#8230;] da IFLA: O racismo n\u00e3o tem lugar na <a target=\"_blank\" href=\"https:\/\/twitter.com\/hashtag\/sociedade?src=hash&amp;ref_src=twsrc%5Etfw\" rel=\"noopener noreferrer\">#sociedade<\/a> que as <a target=\"_blank\" href=\"https:\/\/twitter.com\/hashtag\/bibliotecas?src=hash&amp;ref_src=twsrc%5Etfw\" rel=\"noopener noreferrer\">#bibliotecas<\/a> est\u00e3o construindo |\u201cA IFLA condena todas as formas de <a target=\"_blank\" href=\"https:\/\/twitter.com\/hashtag\/racismo?src=hash&amp;ref_src=twsrc%5Etfw\" rel=\"noopener noreferrer\">#racismo<\/a> por serem essencialmente contra aos direitos humanos e aos valores de nossa profiss\u00e3o\u201d via IFLA <a target=\"_blank\" href=\"https:\/\/t.co\/ONsFWdK6zd\" rel=\"noopener noreferrer\">https:\/\/t.co\/ONsFWdK6zd<\/a><\/p>\n<p>&mdash; Pedro Andretta (@pedroisandretta) <a target=\"_blank\" href=\"https:\/\/twitter.com\/pedroisandretta\/status\/1270112585837314050?ref_src=twsrc%5Etfw\" rel=\"noopener noreferrer\">June 8, 2020<\/a><\/p><\/blockquote>\n<p><script async src=\"https:\/\/platform.twitter.com\/widgets.js\" charset=\"utf-8\"><\/script><\/p>\n<p>[ad_2]<br \/>\n<br \/><a href=\"https:\/\/twitter.com\/pedroisandretta\/statuses\/1270112585837314050\">Fonte<\/a> : Projeto <a href=\"https:\/\/www.pedroandretta.info\/informeci\">Informe-CI<\/a><\/p>\n","protected":false},"excerpt":{"rendered":"<p>[ad_1] Declara\u00e7\u00e3o da Presidente [&#8230;] da IFLA: O racismo n\u00e3o tem lugar na #sociedade que as #bibliotecas est\u00e3o construindo |\u201cA IFLA condena todas as formas de #racismo por serem essencialmente contra aos direitos humanos e aos valores de nossa profiss\u00e3o\u201d via IFLA https:\/\/t.co\/ONsFWdK6zd &mdash; Pedro Andretta (@pedroisandretta) June 8, 2020 [ad_2] Fonte : Projeto Informe-CI<\/p>\n","protected":false},"author":1,"featured_media":0,"comment_status":"open","ping_status":"open","sticky":false,"template":"","format":"standard","meta":{"_jetpack_memberships_contains_paid_content":false,"footnotes":"","jetpack_publicize_message":"","jetpack_publicize_feature_enabled":true,"jetpack_social_post_already_shared":true,"jetpack_social_options":{"image_generator_settings":{"template":"highway","default_image_id":0,"font":"","enabled":false},"version":2}},"categories":[21],"tags":[38,247,544],"class_list":["post-5978","post","type-post","status-publish","format-standard","hentry","category-informeci","tag-bibliotecas","tag-racismo","tag-sociedade"],"jetpack_publicize_connections":[],"jetpack_featured_media_url":"","views":"","jetpack_sharing_enabled":true,"_links":{"self":[{"href":"https:\/\/www.pedroandretta.info\/index\/wp-json\/wp\/v2\/posts\/5978","targetHints":{"allow":["GET"]}}],"collection":[{"href":"https:\/\/www.pedroandretta.info\/index\/wp-json\/wp\/v2\/posts"}],"about":[{"href":"https:\/\/www.pedroandretta.info\/index\/wp-json\/wp\/v2\/types\/post"}],"author":[{"embeddable":true,"href":"https:\/\/www.pedroandretta.info\/index\/wp-json\/wp\/v2\/users\/1"}],"replies":[{"embeddable":true,"href":"https:\/\/www.pedroandretta.info\/index\/wp-json\/wp\/v2\/comments?post=5978"}],"version-history":[{"count":0,"href":"https:\/\/www.pedroandretta.info\/index\/wp-json\/wp\/v2\/posts\/5978\/revisions"}],"wp:attachment":[{"href":"https:\/\/www.pedroandretta.info\/index\/wp-json\/wp\/v2\/media?parent=5978"}],"wp:term":[{"taxonomy":"category","embeddable":true,"href":"https:\/\/www.pedroandretta.info\/index\/wp-json\/wp\/v2\/categories?post=5978"},{"taxonomy":"post_tag","embeddable":true,"href":"https:\/\/www.pedroandretta.info\/index\/wp-json\/wp\/v2\/tags?post=5978"}],"curies":[{"name":"wp","href":"https:\/\/api.w.org\/{rel}","templated":true}]}}