{"id":5982,"date":"2020-06-08T17:40:37","date_gmt":"2020-06-08T21:40:37","guid":{"rendered":"https:\/\/www.pedroandretta.info\/index\/?p=5982"},"modified":"2020-06-08T17:40:37","modified_gmt":"2020-06-08T21:40:37","slug":"ler-e-um-direito-as-bibliotecasprisionais-devem-ser-locais-de-luta-contra","status":"publish","type":"post","link":"https:\/\/www.pedroandretta.info\/index\/2020\/06\/ler-e-um-direito-as-bibliotecasprisionais-devem-ser-locais-de-luta-contra\/","title":{"rendered":"Ler \u00e9 um #direito | As #BibliotecasPrisionais \u201dDevem ser: locais de luta contra &#8230;"},"content":{"rendered":"<p>[ad_1]<\/p>\n<blockquote class=\"twitter-tweet\">\n<p lang=\"pt\" dir=\"ltr\">Ler \u00e9 um <a target=\"_blank\" href=\"https:\/\/twitter.com\/hashtag\/direito?src=hash&amp;ref_src=twsrc%5Etfw\" rel=\"noopener noreferrer\">#direito<\/a> | As <a target=\"_blank\" href=\"https:\/\/twitter.com\/hashtag\/BibliotecasPrisionais?src=hash&amp;ref_src=twsrc%5Etfw\" rel=\"noopener noreferrer\">#BibliotecasPrisionais<\/a> \u201dDevem ser: locais de luta contra o analfabetismo, locais de treinamento e profissionaliza\u00e7\u00e3o, locais de recursos para todas as disciplinas, locais de informa\u00e7\u00e3o, lazer e socializa\u00e7\u00e3o\u201d <a target=\"_blank\" href=\"https:\/\/twitter.com\/hashtag\/leitura?src=hash&amp;ref_src=twsrc%5Etfw\" rel=\"noopener noreferrer\">#leitura<\/a> \ud83c\uddeb\ud83c\uddf7 via BBF <a target=\"_blank\" href=\"https:\/\/t.co\/sU5PrT71JS\" rel=\"noopener noreferrer\">https:\/\/t.co\/sU5PrT71JS<\/a><\/p>\n<p>&mdash; Pedro Andretta (@pedroisandretta) <a target=\"_blank\" href=\"https:\/\/twitter.com\/pedroisandretta\/status\/1270108495346642944?ref_src=twsrc%5Etfw\" rel=\"noopener noreferrer\">June 8, 2020<\/a><\/p><\/blockquote>\n<p><script async src=\"https:\/\/platform.twitter.com\/widgets.js\" charset=\"utf-8\"><\/script><\/p>\n<p>[ad_2]<br \/>\n<br \/><a href=\"https:\/\/twitter.com\/pedroisandretta\/statuses\/1270108495346642944\">Fonte<\/a> : Projeto <a href=\"https:\/\/www.pedroandretta.info\/informeci\">Informe-CI<\/a><\/p>\n","protected":false},"excerpt":{"rendered":"<p>[ad_1] Ler \u00e9 um #direito | As #BibliotecasPrisionais \u201dDevem ser: locais de luta contra o analfabetismo, locais de treinamento e profissionaliza\u00e7\u00e3o, locais de recursos para todas as disciplinas, locais de informa\u00e7\u00e3o, lazer e socializa\u00e7\u00e3o\u201d #leitura \ud83c\uddeb\ud83c\uddf7 via BBF https:\/\/t.co\/sU5PrT71JS &mdash; Pedro Andretta (@pedroisandretta) June 8, 2020 [ad_2] Fonte : Projeto Informe-CI<\/p>\n","protected":false},"author":1,"featured_media":0,"comment_status":"open","ping_status":"open","sticky":false,"template":"","format":"standard","meta":{"_jetpack_memberships_contains_paid_content":false,"footnotes":"","jetpack_publicize_message":"","jetpack_publicize_feature_enabled":true,"jetpack_social_post_already_shared":true,"jetpack_social_options":{"image_generator_settings":{"template":"highway","default_image_id":0,"font":"","enabled":false},"version":2}},"categories":[21],"tags":[58,529,157],"class_list":["post-5982","post","type-post","status-publish","format-standard","hentry","category-informeci","tag-bibliotecasprisionais","tag-direito","tag-leitura"],"jetpack_publicize_connections":[],"jetpack_featured_media_url":"","views":"","jetpack_sharing_enabled":true,"_links":{"self":[{"href":"https:\/\/www.pedroandretta.info\/index\/wp-json\/wp\/v2\/posts\/5982","targetHints":{"allow":["GET"]}}],"collection":[{"href":"https:\/\/www.pedroandretta.info\/index\/wp-json\/wp\/v2\/posts"}],"about":[{"href":"https:\/\/www.pedroandretta.info\/index\/wp-json\/wp\/v2\/types\/post"}],"author":[{"embeddable":true,"href":"https:\/\/www.pedroandretta.info\/index\/wp-json\/wp\/v2\/users\/1"}],"replies":[{"embeddable":true,"href":"https:\/\/www.pedroandretta.info\/index\/wp-json\/wp\/v2\/comments?post=5982"}],"version-history":[{"count":0,"href":"https:\/\/www.pedroandretta.info\/index\/wp-json\/wp\/v2\/posts\/5982\/revisions"}],"wp:attachment":[{"href":"https:\/\/www.pedroandretta.info\/index\/wp-json\/wp\/v2\/media?parent=5982"}],"wp:term":[{"taxonomy":"category","embeddable":true,"href":"https:\/\/www.pedroandretta.info\/index\/wp-json\/wp\/v2\/categories?post=5982"},{"taxonomy":"post_tag","embeddable":true,"href":"https:\/\/www.pedroandretta.info\/index\/wp-json\/wp\/v2\/tags?post=5982"}],"curies":[{"name":"wp","href":"https:\/\/api.w.org\/{rel}","templated":true}]}}