{"id":5984,"date":"2020-06-09T08:02:29","date_gmt":"2020-06-09T12:02:29","guid":{"rendered":"https:\/\/www.pedroandretta.info\/index\/?p=5984"},"modified":"2020-06-09T08:02:29","modified_gmt":"2020-06-09T12:02:29","slug":"informacao-social-e-cultura-informacional-uma-analise-filmica-da-obra-o-menino","status":"publish","type":"post","link":"https:\/\/www.pedroandretta.info\/index\/2020\/06\/informacao-social-e-cultura-informacional-uma-analise-filmica-da-obra-o-menino\/","title":{"rendered":"#Informa\u00e7\u00e3o social e cultura informacional uma an\u00e1lise f\u00edlmica da obra \u201cO menino&#8230;"},"content":{"rendered":"<p>[ad_1]<\/p>\n<blockquote class=\"twitter-tweet\">\n<p lang=\"pt\" dir=\"ltr\"><a target=\"_blank\" href=\"https:\/\/twitter.com\/hashtag\/Informa%C3%A7%C3%A3o?src=hash&amp;ref_src=twsrc%5Etfw\" rel=\"noopener noreferrer\">#Informa\u00e7\u00e3o<\/a> social e cultura informacional uma an\u00e1lise f\u00edlmica da obra \u201cO menino que descobriu o vento\u201d|<a target=\"_blank\" href=\"https:\/\/twitter.com\/hashtag\/Filme?src=hash&amp;ref_src=twsrc%5Etfw\" rel=\"noopener noreferrer\">#Filme<\/a> \u00f3timo para pensar a import\u00e2ncia das <a target=\"_blank\" href=\"https:\/\/twitter.com\/hashtag\/Bibliotecas?src=hash&amp;ref_src=twsrc%5Etfw\" rel=\"noopener noreferrer\">#Bibliotecas<\/a> e <a target=\"_blank\" href=\"https:\/\/twitter.com\/hashtag\/BibliotecasEscolares?src=hash&amp;ref_src=twsrc%5Etfw\" rel=\"noopener noreferrer\">#BibliotecasEscolares<\/a> na produ\u00e7\u00e3o, veicula\u00e7\u00e3o e apropria\u00e7\u00e3o da informa\u00e7\u00e3o e do conhecimento! <a target=\"_blank\" href=\"https:\/\/t.co\/xEUB5mUOu2\" rel=\"noopener noreferrer\">https:\/\/t.co\/xEUB5mUOu2<\/a> <a target=\"_blank\" href=\"https:\/\/t.co\/YYmPXPc6GC\" rel=\"noopener noreferrer\">pic.twitter.com\/YYmPXPc6GC<\/a><\/p>\n<p>&mdash; Pedro Andretta (@pedroisandretta) <a target=\"_blank\" href=\"https:\/\/twitter.com\/pedroisandretta\/status\/1270325391174049794?ref_src=twsrc%5Etfw\" rel=\"noopener noreferrer\">June 9, 2020<\/a><\/p><\/blockquote>\n<p><script async src=\"https:\/\/platform.twitter.com\/widgets.js\" charset=\"utf-8\"><\/script><\/p>\n<p>[ad_2]<br \/>\n<br \/><a href=\"https:\/\/twitter.com\/pedroisandretta\/statuses\/1270325391174049794\">Fonte<\/a> : Projeto <a href=\"https:\/\/www.pedroandretta.info\/informeci\">Informe-CI<\/a><\/p>\n","protected":false},"excerpt":{"rendered":"<p>[ad_1] #Informa\u00e7\u00e3o social e cultura informacional uma an\u00e1lise f\u00edlmica da obra \u201cO menino que descobriu o vento\u201d|#Filme \u00f3timo para pensar a import\u00e2ncia das #Bibliotecas e #BibliotecasEscolares na produ\u00e7\u00e3o, veicula\u00e7\u00e3o e apropria\u00e7\u00e3o da informa\u00e7\u00e3o e do conhecimento! https:\/\/t.co\/xEUB5mUOu2 pic.twitter.com\/YYmPXPc6GC &mdash; Pedro Andretta (@pedroisandretta) June 9, 2020 [ad_2] Fonte : Projeto Informe-CI<\/p>\n","protected":false},"author":1,"featured_media":5985,"comment_status":"open","ping_status":"open","sticky":false,"template":"","format":"standard","meta":{"_jetpack_memberships_contains_paid_content":false,"footnotes":"","jetpack_publicize_message":"","jetpack_publicize_feature_enabled":true,"jetpack_social_post_already_shared":true,"jetpack_social_options":{"image_generator_settings":{"template":"highway","default_image_id":0,"font":"","enabled":false},"version":2}},"categories":[21],"tags":[38,79,267,228],"class_list":["post-5984","post","type-post","status-publish","format-standard","has-post-thumbnail","hentry","category-informeci","tag-bibliotecas","tag-bibliotecasescolares","tag-filmes","tag-informacao"],"jetpack_publicize_connections":[],"jetpack_featured_media_url":"https:\/\/i0.wp.com\/www.pedroandretta.info\/index\/wp-content\/uploads\/2020\/06\/Informacao-social-e-cultura-informacional-uma-analise-filmica-da-obra.jpg?fit=640%2C817&ssl=1","views":"","jetpack_sharing_enabled":true,"_links":{"self":[{"href":"https:\/\/www.pedroandretta.info\/index\/wp-json\/wp\/v2\/posts\/5984","targetHints":{"allow":["GET"]}}],"collection":[{"href":"https:\/\/www.pedroandretta.info\/index\/wp-json\/wp\/v2\/posts"}],"about":[{"href":"https:\/\/www.pedroandretta.info\/index\/wp-json\/wp\/v2\/types\/post"}],"author":[{"embeddable":true,"href":"https:\/\/www.pedroandretta.info\/index\/wp-json\/wp\/v2\/users\/1"}],"replies":[{"embeddable":true,"href":"https:\/\/www.pedroandretta.info\/index\/wp-json\/wp\/v2\/comments?post=5984"}],"version-history":[{"count":0,"href":"https:\/\/www.pedroandretta.info\/index\/wp-json\/wp\/v2\/posts\/5984\/revisions"}],"wp:featuredmedia":[{"embeddable":true,"href":"https:\/\/www.pedroandretta.info\/index\/wp-json\/wp\/v2\/media\/5985"}],"wp:attachment":[{"href":"https:\/\/www.pedroandretta.info\/index\/wp-json\/wp\/v2\/media?parent=5984"}],"wp:term":[{"taxonomy":"category","embeddable":true,"href":"https:\/\/www.pedroandretta.info\/index\/wp-json\/wp\/v2\/categories?post=5984"},{"taxonomy":"post_tag","embeddable":true,"href":"https:\/\/www.pedroandretta.info\/index\/wp-json\/wp\/v2\/tags?post=5984"}],"curies":[{"name":"wp","href":"https:\/\/api.w.org\/{rel}","templated":true}]}}