{"id":5991,"date":"2020-06-09T14:00:11","date_gmt":"2020-06-09T18:00:11","guid":{"rendered":"https:\/\/www.pedroandretta.info\/index\/?p=5991"},"modified":"2020-06-09T14:00:11","modified_gmt":"2020-06-09T18:00:11","slug":"dia-internacional-dos-arquivos-2020-o-dia-internacional-dos-arquivos-e-comemor","status":"publish","type":"post","link":"https:\/\/www.pedroandretta.info\/index\/2020\/06\/dia-internacional-dos-arquivos-2020-o-dia-internacional-dos-arquivos-e-comemor\/","title":{"rendered":"Dia Internacional dos Arquivos 2020| O Dia Internacional dos #Arquivos \u00e9 comemor&#8230;"},"content":{"rendered":"<p>[ad_1]<br \/>\n<img decoding=\"async\" src=\"https:\/\/i1.wp.com\/asociacionabdm.org\/wp-content\/uploads\/2020\/06\/D\u00eda-internacional-de-los-archivos.jpg?fit=629%2C446\"\/><\/p>\n<blockquote class=\"twitter-tweet\">\n<p lang=\"pt\" dir=\"ltr\">Dia Internacional dos Arquivos 2020| O Dia Internacional dos <a target=\"_blank\" href=\"https:\/\/twitter.com\/hashtag\/Arquivos?src=hash&amp;ref_src=twsrc%5Etfw\" rel=\"noopener noreferrer\">#Arquivos<\/a> \u00e9 comemorado em 9 de junho, data da cria\u00e7\u00e3o do Conselho Internacional de Arquivos <a target=\"_blank\" href=\"https:\/\/twitter.com\/hashtag\/ICA?src=hash&amp;ref_src=twsrc%5Etfw\" rel=\"noopener noreferrer\">#ICA<\/a> . Este ano, o lema \u00e9 \u201dCapacitar sociedades do conhecimento\u201d \ud83c\uddea\ud83c\uddf8 <a target=\"_blank\" href=\"https:\/\/twitter.com\/hashtag\/IAW2020?src=hash&amp;ref_src=twsrc%5Etfw\" rel=\"noopener noreferrer\">#IAW2020<\/a> via Asociaci\u00f3n ABDM <a target=\"_blank\" href=\"https:\/\/t.co\/31IcMGqyjo\" rel=\"noopener noreferrer\">https:\/\/t.co\/31IcMGqyjo<\/a><\/p>\n<p>&mdash; Pedro Andretta (@pedroisandretta) <a target=\"_blank\" href=\"https:\/\/twitter.com\/pedroisandretta\/status\/1270415409716617218?ref_src=twsrc%5Etfw\" rel=\"noopener noreferrer\">June 9, 2020<\/a><\/p><\/blockquote>\n<p><script async src=\"https:\/\/platform.twitter.com\/widgets.js\" charset=\"utf-8\"><\/script><\/p>\n<p>[ad_2]<br \/>\n<br \/><a href=\"https:\/\/twitter.com\/pedroisandretta\/statuses\/1270415409716617218\">Fonte<\/a> : Projeto <a href=\"https:\/\/www.pedroandretta.info\/informeci\">Informe-CI<\/a><\/p>\n","protected":false},"excerpt":{"rendered":"<p>[ad_1] Dia Internacional dos Arquivos 2020| O Dia Internacional dos #Arquivos \u00e9 comemorado em 9 de junho, data da cria\u00e7\u00e3o do Conselho Internacional de Arquivos #ICA . Este ano, o lema \u00e9 \u201dCapacitar sociedades do conhecimento\u201d \ud83c\uddea\ud83c\uddf8 #IAW2020 via Asociaci\u00f3n ABDM https:\/\/t.co\/31IcMGqyjo &mdash; Pedro Andretta (@pedroisandretta) June 9, 2020 [ad_2] Fonte : Projeto Informe-CI<\/p>\n","protected":false},"author":1,"featured_media":0,"comment_status":"open","ping_status":"open","sticky":false,"template":"","format":"standard","meta":{"_jetpack_memberships_contains_paid_content":false,"footnotes":"","jetpack_publicize_message":"","jetpack_publicize_feature_enabled":true,"jetpack_social_post_already_shared":false,"jetpack_social_options":{"image_generator_settings":{"template":"highway","default_image_id":0,"font":"","enabled":false},"version":2}},"categories":[21],"tags":[],"class_list":["post-5991","post","type-post","status-publish","format-standard","hentry","category-informeci"],"jetpack_publicize_connections":[],"jetpack_featured_media_url":"","views":"","jetpack_sharing_enabled":true,"_links":{"self":[{"href":"https:\/\/www.pedroandretta.info\/index\/wp-json\/wp\/v2\/posts\/5991","targetHints":{"allow":["GET"]}}],"collection":[{"href":"https:\/\/www.pedroandretta.info\/index\/wp-json\/wp\/v2\/posts"}],"about":[{"href":"https:\/\/www.pedroandretta.info\/index\/wp-json\/wp\/v2\/types\/post"}],"author":[{"embeddable":true,"href":"https:\/\/www.pedroandretta.info\/index\/wp-json\/wp\/v2\/users\/1"}],"replies":[{"embeddable":true,"href":"https:\/\/www.pedroandretta.info\/index\/wp-json\/wp\/v2\/comments?post=5991"}],"version-history":[{"count":0,"href":"https:\/\/www.pedroandretta.info\/index\/wp-json\/wp\/v2\/posts\/5991\/revisions"}],"wp:attachment":[{"href":"https:\/\/www.pedroandretta.info\/index\/wp-json\/wp\/v2\/media?parent=5991"}],"wp:term":[{"taxonomy":"category","embeddable":true,"href":"https:\/\/www.pedroandretta.info\/index\/wp-json\/wp\/v2\/categories?post=5991"},{"taxonomy":"post_tag","embeddable":true,"href":"https:\/\/www.pedroandretta.info\/index\/wp-json\/wp\/v2\/tags?post=5991"}],"curies":[{"name":"wp","href":"https:\/\/api.w.org\/{rel}","templated":true}]}}