{"id":5998,"date":"2020-06-09T20:37:56","date_gmt":"2020-06-10T00:37:56","guid":{"rendered":"https:\/\/www.pedroandretta.info\/index\/?p=5998"},"modified":"2020-06-09T20:37:56","modified_gmt":"2020-06-10T00:37:56","slug":"daniel-lameira-lanca-nova-edicao-do-curso-vida-do-livro-serao-quatro-aulas","status":"publish","type":"post","link":"https:\/\/www.pedroandretta.info\/index\/2020\/06\/daniel-lameira-lanca-nova-edicao-do-curso-vida-do-livro-serao-quatro-aulas\/","title":{"rendered":"Daniel Lameira lan\u00e7a nova edi\u00e7\u00e3o do curso &#8216;Vida do Livro&#8217; | \u201cSer\u00e3o quatro aulas &#8230;"},"content":{"rendered":"<p>[ad_1]<br \/>\n<img data-recalc-dims=\"1\" decoding=\"async\" src=\"https:\/\/i0.wp.com\/www.pedroandretta.info\/index\/wp-content\/uploads\/2020\/06\/Daniel-Lameira-lanca-nova-edicao-do-curso-Vida-do-Livro.jpg?w=696&#038;ssl=1\"\/><\/p>\n<blockquote class=\"twitter-tweet\">\n<p lang=\"pt\" dir=\"ltr\">Daniel Lameira lan\u00e7a nova edi\u00e7\u00e3o do curso &#39;Vida do Livro&#39; | \u201cSer\u00e3o quatro aulas on-line, ao vivo \u2013 atrav\u00e9s do aplicativo Zoom \u2013, com a dura\u00e7\u00e3o de 1h30 cada e que iniciam no dia 9 de julho\u201d <a target=\"_blank\" href=\"https:\/\/twitter.com\/hashtag\/livros?src=hash&amp;ref_src=twsrc%5Etfw\" rel=\"noopener noreferrer\">#livros<\/a>  <a target=\"_blank\" href=\"https:\/\/twitter.com\/hashtag\/mercadoeditorial?src=hash&amp;ref_src=twsrc%5Etfw\" rel=\"noopener noreferrer\">#mercadoeditorial<\/a> <a target=\"_blank\" href=\"https:\/\/twitter.com\/hashtag\/cursos?src=hash&amp;ref_src=twsrc%5Etfw\" rel=\"noopener noreferrer\">#cursos<\/a> via PublishNews <a target=\"_blank\" href=\"https:\/\/t.co\/sViNmFrGLa\" rel=\"noopener noreferrer\">https:\/\/t.co\/sViNmFrGLa<\/a><\/p>\n<p>&mdash; Pedro Andretta (@pedroisandretta) <a target=\"_blank\" href=\"https:\/\/twitter.com\/pedroisandretta\/status\/1270515505464475649?ref_src=twsrc%5Etfw\" rel=\"noopener noreferrer\">June 10, 2020<\/a><\/p><\/blockquote>\n<p><script async src=\"https:\/\/platform.twitter.com\/widgets.js\" charset=\"utf-8\"><\/script><\/p>\n<p>[ad_2]<br \/>\n<br \/><a href=\"https:\/\/twitter.com\/pedroisandretta\/statuses\/1270515505464475649\">Fonte<\/a> : Projeto <a href=\"https:\/\/www.pedroandretta.info\/informeci\">Informe-CI<\/a><\/p>\n","protected":false},"excerpt":{"rendered":"<p>[ad_1] Daniel Lameira lan\u00e7a nova edi\u00e7\u00e3o do curso &#39;Vida do Livro&#39; | \u201cSer\u00e3o quatro aulas on-line, ao vivo \u2013 atrav\u00e9s do aplicativo Zoom \u2013, com a dura\u00e7\u00e3o de 1h30 cada e que iniciam no dia 9 de julho\u201d #livros #mercadoeditorial #cursos via PublishNews https:\/\/t.co\/sViNmFrGLa &mdash; Pedro Andretta (@pedroisandretta) June 10, 2020 [ad_2] Fonte : Projeto<\/p><\/div>\n<div class=\"blog-btn\"><a href=\"https:\/\/www.pedroandretta.info\/index\/2020\/06\/daniel-lameira-lanca-nova-edicao-do-curso-vida-do-livro-serao-quatro-aulas\/\" class=\"home-blog-btn\">Ler mais<\/a><\/p>\n","protected":false},"author":1,"featured_media":5999,"comment_status":"open","ping_status":"open","sticky":false,"template":"","format":"standard","meta":{"_jetpack_memberships_contains_paid_content":false,"footnotes":"","jetpack_publicize_message":"","jetpack_publicize_feature_enabled":true,"jetpack_social_post_already_shared":true,"jetpack_social_options":{"image_generator_settings":{"template":"highway","default_image_id":0,"font":"","enabled":false},"version":2}},"categories":[21],"tags":[984,63,367],"class_list":["post-5998","post","type-post","status-publish","format-standard","has-post-thumbnail","hentry","category-informeci","tag-cursos","tag-livros","tag-mercadoeditorial"],"jetpack_publicize_connections":[],"jetpack_featured_media_url":"https:\/\/i0.wp.com\/www.pedroandretta.info\/index\/wp-content\/uploads\/2020\/06\/Daniel-Lameira-lanca-nova-edicao-do-curso-Vida-do-Livro.jpg?fit=900%2C641&ssl=1","views":"","jetpack_sharing_enabled":true,"_links":{"self":[{"href":"https:\/\/www.pedroandretta.info\/index\/wp-json\/wp\/v2\/posts\/5998","targetHints":{"allow":["GET"]}}],"collection":[{"href":"https:\/\/www.pedroandretta.info\/index\/wp-json\/wp\/v2\/posts"}],"about":[{"href":"https:\/\/www.pedroandretta.info\/index\/wp-json\/wp\/v2\/types\/post"}],"author":[{"embeddable":true,"href":"https:\/\/www.pedroandretta.info\/index\/wp-json\/wp\/v2\/users\/1"}],"replies":[{"embeddable":true,"href":"https:\/\/www.pedroandretta.info\/index\/wp-json\/wp\/v2\/comments?post=5998"}],"version-history":[{"count":0,"href":"https:\/\/www.pedroandretta.info\/index\/wp-json\/wp\/v2\/posts\/5998\/revisions"}],"wp:featuredmedia":[{"embeddable":true,"href":"https:\/\/www.pedroandretta.info\/index\/wp-json\/wp\/v2\/media\/5999"}],"wp:attachment":[{"href":"https:\/\/www.pedroandretta.info\/index\/wp-json\/wp\/v2\/media?parent=5998"}],"wp:term":[{"taxonomy":"category","embeddable":true,"href":"https:\/\/www.pedroandretta.info\/index\/wp-json\/wp\/v2\/categories?post=5998"},{"taxonomy":"post_tag","embeddable":true,"href":"https:\/\/www.pedroandretta.info\/index\/wp-json\/wp\/v2\/tags?post=5998"}],"curies":[{"name":"wp","href":"https:\/\/api.w.org\/{rel}","templated":true}]}}