{"id":6003,"date":"2020-06-10T04:37:34","date_gmt":"2020-06-10T08:37:34","guid":{"rendered":"https:\/\/www.pedroandretta.info\/index\/?p=6003"},"modified":"2020-06-10T04:37:34","modified_gmt":"2020-06-10T08:37:34","slug":"bibliotecas-na-linha-de-frente-neutralidade-e-justica-social-quando-as-bibl","status":"publish","type":"post","link":"https:\/\/www.pedroandretta.info\/index\/2020\/06\/bibliotecas-na-linha-de-frente-neutralidade-e-justica-social-quando-as-bibl\/","title":{"rendered":"#Bibliotecas na linha de frente: #neutralidade e justi\u00e7a social | Quando as bibl&#8230;"},"content":{"rendered":"<p>[ad_1]<\/p>\n<blockquote class=\"twitter-tweet\">\n<p lang=\"pt\" dir=\"ltr\"><a target=\"_blank\" href=\"https:\/\/twitter.com\/hashtag\/Bibliotecas?src=hash&amp;ref_src=twsrc%5Etfw\" rel=\"noopener noreferrer\">#Bibliotecas<\/a> na linha de frente: <a target=\"_blank\" href=\"https:\/\/twitter.com\/hashtag\/neutralidade?src=hash&amp;ref_src=twsrc%5Etfw\" rel=\"noopener noreferrer\">#neutralidade<\/a> e justi\u00e7a social | Quando as bibliotecas decidem n\u00e3o abordar quest\u00f5es relevantes para pessoas negras, elas n\u00e3o est\u00e3o incorporando neutralidade; eles est\u00e3o optando ativamente por n\u00e3o apoiar [&#8230;] uma popula\u00e7\u00e3o. <a target=\"_blank\" href=\"https:\/\/t.co\/iPM8c65SNY\" rel=\"noopener noreferrer\">https:\/\/t.co\/iPM8c65SNY<\/a> <a target=\"_blank\" href=\"https:\/\/t.co\/sfPFxkRpBe\" rel=\"noopener noreferrer\">pic.twitter.com\/sfPFxkRpBe<\/a><\/p>\n<p>&mdash; Pedro Andretta (@pedroisandretta) <a target=\"_blank\" href=\"https:\/\/twitter.com\/pedroisandretta\/status\/1270636209287696384?ref_src=twsrc%5Etfw\" rel=\"noopener noreferrer\">June 10, 2020<\/a><\/p><\/blockquote>\n<p><script async src=\"https:\/\/platform.twitter.com\/widgets.js\" charset=\"utf-8\"><\/script><\/p>\n<p>[ad_2]<br \/>\n<br \/><a href=\"https:\/\/twitter.com\/pedroisandretta\/statuses\/1270636209287696384\">Fonte<\/a> : Projeto <a href=\"https:\/\/www.pedroandretta.info\/informeci\">Informe-CI<\/a><\/p>\n","protected":false},"excerpt":{"rendered":"<p>[ad_1] #Bibliotecas na linha de frente: #neutralidade e justi\u00e7a social | Quando as bibliotecas decidem n\u00e3o abordar quest\u00f5es relevantes para pessoas negras, elas n\u00e3o est\u00e3o incorporando neutralidade; eles est\u00e3o optando ativamente por n\u00e3o apoiar [&#8230;] uma popula\u00e7\u00e3o. https:\/\/t.co\/iPM8c65SNY pic.twitter.com\/sfPFxkRpBe &mdash; Pedro Andretta (@pedroisandretta) June 10, 2020 [ad_2] Fonte : Projeto Informe-CI<\/p>\n","protected":false},"author":1,"featured_media":6004,"comment_status":"open","ping_status":"open","sticky":false,"template":"","format":"standard","meta":{"_jetpack_memberships_contains_paid_content":false,"footnotes":"","jetpack_publicize_message":"","jetpack_publicize_feature_enabled":true,"jetpack_social_post_already_shared":true,"jetpack_social_options":{"image_generator_settings":{"template":"highway","default_image_id":0,"font":"","enabled":false},"version":2}},"categories":[21],"tags":[38,985],"class_list":["post-6003","post","type-post","status-publish","format-standard","has-post-thumbnail","hentry","category-informeci","tag-bibliotecas","tag-neutralidade"],"jetpack_publicize_connections":[],"jetpack_featured_media_url":"https:\/\/i0.wp.com\/www.pedroandretta.info\/index\/wp-content\/uploads\/2020\/06\/Bibliotecas-na-linha-de-frente-neutralidade-e-justica-social.jpg?fit=516%2C734&ssl=1","views":"","jetpack_sharing_enabled":true,"_links":{"self":[{"href":"https:\/\/www.pedroandretta.info\/index\/wp-json\/wp\/v2\/posts\/6003","targetHints":{"allow":["GET"]}}],"collection":[{"href":"https:\/\/www.pedroandretta.info\/index\/wp-json\/wp\/v2\/posts"}],"about":[{"href":"https:\/\/www.pedroandretta.info\/index\/wp-json\/wp\/v2\/types\/post"}],"author":[{"embeddable":true,"href":"https:\/\/www.pedroandretta.info\/index\/wp-json\/wp\/v2\/users\/1"}],"replies":[{"embeddable":true,"href":"https:\/\/www.pedroandretta.info\/index\/wp-json\/wp\/v2\/comments?post=6003"}],"version-history":[{"count":0,"href":"https:\/\/www.pedroandretta.info\/index\/wp-json\/wp\/v2\/posts\/6003\/revisions"}],"wp:featuredmedia":[{"embeddable":true,"href":"https:\/\/www.pedroandretta.info\/index\/wp-json\/wp\/v2\/media\/6004"}],"wp:attachment":[{"href":"https:\/\/www.pedroandretta.info\/index\/wp-json\/wp\/v2\/media?parent=6003"}],"wp:term":[{"taxonomy":"category","embeddable":true,"href":"https:\/\/www.pedroandretta.info\/index\/wp-json\/wp\/v2\/categories?post=6003"},{"taxonomy":"post_tag","embeddable":true,"href":"https:\/\/www.pedroandretta.info\/index\/wp-json\/wp\/v2\/tags?post=6003"}],"curies":[{"name":"wp","href":"https:\/\/api.w.org\/{rel}","templated":true}]}}