{"id":6005,"date":"2020-06-10T04:23:26","date_gmt":"2020-06-10T08:23:26","guid":{"rendered":"https:\/\/www.pedroandretta.info\/index\/?p=6005"},"modified":"2020-06-10T04:23:26","modified_gmt":"2020-06-10T08:23:26","slug":"simulador-estima-efeitos-de-medidas-de-combate-a-covid19-em-favelas-favelas","status":"publish","type":"post","link":"https:\/\/www.pedroandretta.info\/index\/2020\/06\/simulador-estima-efeitos-de-medidas-de-combate-a-covid19-em-favelas-favelas\/","title":{"rendered":"#Simulador estima efeitos de medidas de combate \u00e0 #COVID19 em #favelas : Favelas&#8230;"},"content":{"rendered":"<p>[ad_1]<\/p>\n<blockquote class=\"twitter-tweet\">\n<p lang=\"pt\" dir=\"ltr\"><a target=\"_blank\" href=\"https:\/\/twitter.com\/hashtag\/Simulador?src=hash&amp;ref_src=twsrc%5Etfw\" rel=\"noopener noreferrer\">#Simulador<\/a> estima efeitos de medidas de combate \u00e0 <a target=\"_blank\" href=\"https:\/\/twitter.com\/hashtag\/COVID19?src=hash&amp;ref_src=twsrc%5Etfw\" rel=\"noopener noreferrer\">#COVID19<\/a> em <a target=\"_blank\" href=\"https:\/\/twitter.com\/hashtag\/favelas?src=hash&amp;ref_src=twsrc%5Etfw\" rel=\"noopener noreferrer\">#favelas<\/a> : Favelas Contra o Coronav\u00edrus| \u201dFerramenta foi desenvolvida com a colabora\u00e7\u00e3o de pesquisadores da UFSCar com base em dados do Sistema \u00danico de Sa\u00fade do Rio de Janeiro [&#8230;]\u201d via FAPESP <a target=\"_blank\" href=\"https:\/\/t.co\/1gFkRdqjsv\" rel=\"noopener noreferrer\">https:\/\/t.co\/1gFkRdqjsv<\/a><\/p>\n<p>&mdash; Pedro Andretta (@pedroisandretta) <a target=\"_blank\" href=\"https:\/\/twitter.com\/pedroisandretta\/status\/1270632652056473601?ref_src=twsrc%5Etfw\" rel=\"noopener noreferrer\">June 10, 2020<\/a><\/p><\/blockquote>\n<p><script async src=\"https:\/\/platform.twitter.com\/widgets.js\" charset=\"utf-8\"><\/script><\/p>\n<p>[ad_2]<br \/>\n<br \/><a href=\"https:\/\/twitter.com\/pedroisandretta\/statuses\/1270632652056473601\">Fonte<\/a> : Projeto <a href=\"https:\/\/www.pedroandretta.info\/informeci\">Informe-CI<\/a><\/p>\n","protected":false},"excerpt":{"rendered":"<p>[ad_1] #Simulador estima efeitos de medidas de combate \u00e0 #COVID19 em #favelas : Favelas Contra o Coronav\u00edrus| \u201dFerramenta foi desenvolvida com a colabora\u00e7\u00e3o de pesquisadores da UFSCar com base em dados do Sistema \u00danico de Sa\u00fade do Rio de Janeiro [&#8230;]\u201d via FAPESP https:\/\/t.co\/1gFkRdqjsv &mdash; Pedro Andretta (@pedroisandretta) June 10, 2020 [ad_2] Fonte : Projeto<\/p><\/div>\n<div class=\"blog-btn\"><a href=\"https:\/\/www.pedroandretta.info\/index\/2020\/06\/simulador-estima-efeitos-de-medidas-de-combate-a-covid19-em-favelas-favelas\/\" class=\"home-blog-btn\">Ler mais<\/a><\/p>\n","protected":false},"author":1,"featured_media":0,"comment_status":"open","ping_status":"open","sticky":false,"template":"","format":"standard","meta":{"_jetpack_memberships_contains_paid_content":false,"footnotes":"","jetpack_publicize_message":"","jetpack_publicize_feature_enabled":true,"jetpack_social_post_already_shared":true,"jetpack_social_options":{"image_generator_settings":{"template":"highway","default_image_id":0,"font":"","enabled":false},"version":2}},"categories":[21],"tags":[618,987,986],"class_list":["post-6005","post","type-post","status-publish","format-standard","hentry","category-informeci","tag-covid19","tag-favelas","tag-simulador"],"jetpack_publicize_connections":[],"jetpack_featured_media_url":"","views":"","jetpack_sharing_enabled":true,"_links":{"self":[{"href":"https:\/\/www.pedroandretta.info\/index\/wp-json\/wp\/v2\/posts\/6005","targetHints":{"allow":["GET"]}}],"collection":[{"href":"https:\/\/www.pedroandretta.info\/index\/wp-json\/wp\/v2\/posts"}],"about":[{"href":"https:\/\/www.pedroandretta.info\/index\/wp-json\/wp\/v2\/types\/post"}],"author":[{"embeddable":true,"href":"https:\/\/www.pedroandretta.info\/index\/wp-json\/wp\/v2\/users\/1"}],"replies":[{"embeddable":true,"href":"https:\/\/www.pedroandretta.info\/index\/wp-json\/wp\/v2\/comments?post=6005"}],"version-history":[{"count":0,"href":"https:\/\/www.pedroandretta.info\/index\/wp-json\/wp\/v2\/posts\/6005\/revisions"}],"wp:attachment":[{"href":"https:\/\/www.pedroandretta.info\/index\/wp-json\/wp\/v2\/media?parent=6005"}],"wp:term":[{"taxonomy":"category","embeddable":true,"href":"https:\/\/www.pedroandretta.info\/index\/wp-json\/wp\/v2\/categories?post=6005"},{"taxonomy":"post_tag","embeddable":true,"href":"https:\/\/www.pedroandretta.info\/index\/wp-json\/wp\/v2\/tags?post=6005"}],"curies":[{"name":"wp","href":"https:\/\/api.w.org\/{rel}","templated":true}]}}