{"id":6016,"date":"2020-06-10T13:31:16","date_gmt":"2020-06-10T17:31:16","guid":{"rendered":"https:\/\/www.pedroandretta.info\/index\/?p=6016"},"modified":"2020-06-10T13:31:16","modified_gmt":"2020-06-10T17:31:16","slug":"entre-lembrar-e-esquecer-20-anos-depois-memorias-organizado-por-zaira-zafalo","status":"publish","type":"post","link":"https:\/\/www.pedroandretta.info\/index\/2020\/06\/entre-lembrar-e-esquecer-20-anos-depois-memorias-organizado-por-zaira-zafalo\/","title":{"rendered":"Entre lembrar e esquecer 20 anos depois: #mem\u00f3rias , organizado por Zaira Zafalo&#8230;"},"content":{"rendered":"<p>[ad_1]<\/p>\n<blockquote class=\"twitter-tweet\">\n<p lang=\"pt\" dir=\"ltr\">Entre lembrar e esquecer 20 anos depois: <a target=\"_blank\" href=\"https:\/\/twitter.com\/hashtag\/mem%C3%B3rias?src=hash&amp;ref_src=twsrc%5Etfw\" rel=\"noopener noreferrer\">#mem\u00f3rias<\/a> , organizado por Zaira Zafalon e Samanta do Prado | Novo e-book na \u00e1rea! Com mem\u00f3rias de professores e alunos do Curso de <a target=\"_blank\" href=\"https:\/\/twitter.com\/hashtag\/Biblioteconomia?src=hash&amp;ref_src=twsrc%5Etfw\" rel=\"noopener noreferrer\">#Biblioteconomia<\/a> e Ci\u00eancia da Informa\u00e7\u00e3o da <a target=\"_blank\" href=\"https:\/\/twitter.com\/hashtag\/UFSCar?src=hash&amp;ref_src=twsrc%5Etfw\" rel=\"noopener noreferrer\">#UFSCar<\/a>! (Tem um cap\u00edtulo meu a\u00ed! \u2764\ufe0f)<a target=\"_blank\" href=\"https:\/\/t.co\/r17LBMM5TK\" rel=\"noopener noreferrer\">https:\/\/t.co\/r17LBMM5TK<\/a> <a target=\"_blank\" href=\"https:\/\/t.co\/CdgMY63Dg1\" rel=\"noopener noreferrer\">pic.twitter.com\/CdgMY63Dg1<\/a><\/p>\n<p>&mdash; Pedro Andretta (@pedroisandretta) <a target=\"_blank\" href=\"https:\/\/twitter.com\/pedroisandretta\/status\/1270770518912884737?ref_src=twsrc%5Etfw\" rel=\"noopener noreferrer\">June 10, 2020<\/a><\/p><\/blockquote>\n<p><script async src=\"https:\/\/platform.twitter.com\/widgets.js\" charset=\"utf-8\"><\/script><\/p>\n<p>[ad_2]<br \/>\n<br \/><a href=\"https:\/\/twitter.com\/pedroisandretta\/statuses\/1270770518912884737\">Fonte<\/a> : Projeto <a href=\"https:\/\/www.pedroandretta.info\/informeci\">Informe-CI<\/a><\/p>\n","protected":false},"excerpt":{"rendered":"<p>[ad_1] Entre lembrar e esquecer 20 anos depois: #mem\u00f3rias , organizado por Zaira Zafalon e Samanta do Prado | Novo e-book na \u00e1rea! Com mem\u00f3rias de professores e alunos do Curso de #Biblioteconomia e Ci\u00eancia da Informa\u00e7\u00e3o da #UFSCar! (Tem um cap\u00edtulo meu a\u00ed! \u2764\ufe0f)https:\/\/t.co\/r17LBMM5TK pic.twitter.com\/CdgMY63Dg1 &mdash; Pedro Andretta (@pedroisandretta) June 10, 2020 [ad_2] Fonte<\/p><\/div>\n<div class=\"blog-btn\"><a href=\"https:\/\/www.pedroandretta.info\/index\/2020\/06\/entre-lembrar-e-esquecer-20-anos-depois-memorias-organizado-por-zaira-zafalo\/\" class=\"home-blog-btn\">Ler mais<\/a><\/p>\n","protected":false},"author":1,"featured_media":6017,"comment_status":"open","ping_status":"open","sticky":false,"template":"","format":"standard","meta":{"_jetpack_memberships_contains_paid_content":false,"footnotes":"","jetpack_publicize_message":"","jetpack_publicize_feature_enabled":true,"jetpack_social_post_already_shared":true,"jetpack_social_options":{"image_generator_settings":{"template":"highway","default_image_id":0,"font":"","enabled":false},"version":2}},"categories":[21],"tags":[33,578,989],"class_list":["post-6016","post","type-post","status-publish","format-standard","has-post-thumbnail","hentry","category-informeci","tag-biblioteconomia","tag-memorias","tag-ufscar"],"jetpack_publicize_connections":[],"jetpack_featured_media_url":"https:\/\/i0.wp.com\/www.pedroandretta.info\/index\/wp-content\/uploads\/2020\/06\/Entre-lembrar-e-esquecer-20-anos-depois-memorias-organizado.jpg?fit=640%2C888&ssl=1","views":"","jetpack_sharing_enabled":true,"_links":{"self":[{"href":"https:\/\/www.pedroandretta.info\/index\/wp-json\/wp\/v2\/posts\/6016","targetHints":{"allow":["GET"]}}],"collection":[{"href":"https:\/\/www.pedroandretta.info\/index\/wp-json\/wp\/v2\/posts"}],"about":[{"href":"https:\/\/www.pedroandretta.info\/index\/wp-json\/wp\/v2\/types\/post"}],"author":[{"embeddable":true,"href":"https:\/\/www.pedroandretta.info\/index\/wp-json\/wp\/v2\/users\/1"}],"replies":[{"embeddable":true,"href":"https:\/\/www.pedroandretta.info\/index\/wp-json\/wp\/v2\/comments?post=6016"}],"version-history":[{"count":0,"href":"https:\/\/www.pedroandretta.info\/index\/wp-json\/wp\/v2\/posts\/6016\/revisions"}],"wp:featuredmedia":[{"embeddable":true,"href":"https:\/\/www.pedroandretta.info\/index\/wp-json\/wp\/v2\/media\/6017"}],"wp:attachment":[{"href":"https:\/\/www.pedroandretta.info\/index\/wp-json\/wp\/v2\/media?parent=6016"}],"wp:term":[{"taxonomy":"category","embeddable":true,"href":"https:\/\/www.pedroandretta.info\/index\/wp-json\/wp\/v2\/categories?post=6016"},{"taxonomy":"post_tag","embeddable":true,"href":"https:\/\/www.pedroandretta.info\/index\/wp-json\/wp\/v2\/tags?post=6016"}],"curies":[{"name":"wp","href":"https:\/\/api.w.org\/{rel}","templated":true}]}}