{"id":6022,"date":"2020-06-10T14:41:26","date_gmt":"2020-06-10T18:41:26","guid":{"rendered":"https:\/\/www.pedroandretta.info\/index\/?p=6022"},"modified":"2020-06-10T14:41:26","modified_gmt":"2020-06-10T18:41:26","slug":"observatorio-do-clima-lanca-site-para-combater-fakenews-sobre-meio-ambiente-a","status":"publish","type":"post","link":"https:\/\/www.pedroandretta.info\/index\/2020\/06\/observatorio-do-clima-lanca-site-para-combater-fakenews-sobre-meio-ambiente-a\/","title":{"rendered":"Observat\u00f3rio do Clima lan\u00e7a site para combater #FakeNews sobre meio ambiente |\u201dA&#8230;"},"content":{"rendered":"<p>[ad_1]<\/p>\n<blockquote class=\"twitter-tweet\">\n<p lang=\"pt\" dir=\"ltr\">Observat\u00f3rio do Clima lan\u00e7a site para combater <a target=\"_blank\" href=\"https:\/\/twitter.com\/hashtag\/FakeNews?src=hash&amp;ref_src=twsrc%5Etfw\" rel=\"noopener noreferrer\">#FakeNews<\/a> sobre meio ambiente |\u201dA ideia do <a target=\"_blank\" href=\"https:\/\/t.co\/abtKw9wmm9\" rel=\"noopener noreferrer\">https:\/\/t.co\/abtKw9wmm9<\/a> \u00e9 sistematizar a <a target=\"_blank\" href=\"https:\/\/twitter.com\/hashtag\/Educa%C3%A7%C3%A3oAmbiental?src=hash&amp;ref_src=twsrc%5Etfw\" rel=\"noopener noreferrer\">#Educa\u00e7\u00e3oAmbiental<\/a> e evidenciar as distor\u00e7\u00f5es e os mal-entendidos que rondam esse debate no Brasil\u201d via Revista Galileu <a target=\"_blank\" href=\"https:\/\/t.co\/BQDqVRvMSw\" rel=\"noopener noreferrer\">https:\/\/t.co\/BQDqVRvMSw<\/a><\/p>\n<p>&mdash; Pedro Andretta (@pedroisandretta) <a target=\"_blank\" href=\"https:\/\/twitter.com\/pedroisandretta\/status\/1270788176492351489?ref_src=twsrc%5Etfw\" rel=\"noopener noreferrer\">June 10, 2020<\/a><\/p><\/blockquote>\n<p><script async src=\"https:\/\/platform.twitter.com\/widgets.js\" charset=\"utf-8\"><\/script><\/p>\n<p>[ad_2]<br \/>\n<br \/><a href=\"https:\/\/twitter.com\/pedroisandretta\/statuses\/1270788176492351489\">Fonte<\/a> : Projeto <a href=\"https:\/\/www.pedroandretta.info\/informeci\">Informe-CI<\/a><\/p>\n","protected":false},"excerpt":{"rendered":"<p>[ad_1] Observat\u00f3rio do Clima lan\u00e7a site para combater #FakeNews sobre meio ambiente |\u201dA ideia do https:\/\/t.co\/abtKw9wmm9 \u00e9 sistematizar a #Educa\u00e7\u00e3oAmbiental e evidenciar as distor\u00e7\u00f5es e os mal-entendidos que rondam esse debate no Brasil\u201d via Revista Galileu https:\/\/t.co\/BQDqVRvMSw &mdash; Pedro Andretta (@pedroisandretta) June 10, 2020 [ad_2] Fonte : Projeto Informe-CI<\/p>\n","protected":false},"author":1,"featured_media":0,"comment_status":"open","ping_status":"open","sticky":false,"template":"","format":"standard","meta":{"_jetpack_memberships_contains_paid_content":false,"footnotes":"","jetpack_publicize_message":"","jetpack_publicize_feature_enabled":true,"jetpack_social_post_already_shared":true,"jetpack_social_options":{"image_generator_settings":{"template":"highway","default_image_id":0,"font":"","enabled":false},"version":2}},"categories":[21],"tags":[991,127],"class_list":["post-6022","post","type-post","status-publish","format-standard","hentry","category-informeci","tag-educacaoambiental","tag-fakenews"],"jetpack_publicize_connections":[],"jetpack_featured_media_url":"","views":"","jetpack_sharing_enabled":true,"_links":{"self":[{"href":"https:\/\/www.pedroandretta.info\/index\/wp-json\/wp\/v2\/posts\/6022","targetHints":{"allow":["GET"]}}],"collection":[{"href":"https:\/\/www.pedroandretta.info\/index\/wp-json\/wp\/v2\/posts"}],"about":[{"href":"https:\/\/www.pedroandretta.info\/index\/wp-json\/wp\/v2\/types\/post"}],"author":[{"embeddable":true,"href":"https:\/\/www.pedroandretta.info\/index\/wp-json\/wp\/v2\/users\/1"}],"replies":[{"embeddable":true,"href":"https:\/\/www.pedroandretta.info\/index\/wp-json\/wp\/v2\/comments?post=6022"}],"version-history":[{"count":0,"href":"https:\/\/www.pedroandretta.info\/index\/wp-json\/wp\/v2\/posts\/6022\/revisions"}],"wp:attachment":[{"href":"https:\/\/www.pedroandretta.info\/index\/wp-json\/wp\/v2\/media?parent=6022"}],"wp:term":[{"taxonomy":"category","embeddable":true,"href":"https:\/\/www.pedroandretta.info\/index\/wp-json\/wp\/v2\/categories?post=6022"},{"taxonomy":"post_tag","embeddable":true,"href":"https:\/\/www.pedroandretta.info\/index\/wp-json\/wp\/v2\/tags?post=6022"}],"curies":[{"name":"wp","href":"https:\/\/api.w.org\/{rel}","templated":true}]}}