{"id":6043,"date":"2020-06-11T16:58:01","date_gmt":"2020-06-11T20:58:01","guid":{"rendered":"https:\/\/www.pedroandretta.info\/index\/?p=6043"},"modified":"2020-06-11T16:58:01","modified_gmt":"2020-06-11T20:58:01","slug":"academicos-e-revistas-cientificas-fazem-greve-contra-racismo-em-universidades-e","status":"publish","type":"post","link":"https:\/\/www.pedroandretta.info\/index\/2020\/06\/academicos-e-revistas-cientificas-fazem-greve-contra-racismo-em-universidades-e\/","title":{"rendered":"Acad\u00eamicos e revistas cient\u00edficas fazem greve contra racismo em universidades e &#8230;"},"content":{"rendered":"<p>[ad_1]<br \/>\n<img data-recalc-dims=\"1\" decoding=\"async\" src=\"https:\/\/i0.wp.com\/www.pedroandretta.info\/index\/wp-content\/uploads\/2020\/06\/Academicos-e-revistas-cientificas-fazem-greve-contra-racismo-em-universidades.jpg?w=696&#038;ssl=1\"\/><\/p>\n<blockquote class=\"twitter-tweet\">\n<p lang=\"pt\" dir=\"ltr\">Acad\u00eamicos e revistas cient\u00edficas fazem greve contra racismo em universidades e laborat\u00f3rios |\u201cO movimento ganhou for\u00e7a nas redes sociais, com pessoas que compartilharam suas hist\u00f3rias e clamaram por mais diversidade dentro da pesquisa acad\u00eamica\u201d via Folha <a target=\"_blank\" href=\"https:\/\/t.co\/6V2qLdE6HC\" rel=\"noopener noreferrer\">https:\/\/t.co\/6V2qLdE6HC<\/a><\/p>\n<p>&mdash; Pedro Andretta (@pedroisandretta) <a target=\"_blank\" href=\"https:\/\/twitter.com\/pedroisandretta\/status\/1271184940663742473?ref_src=twsrc%5Etfw\" rel=\"noopener noreferrer\">June 11, 2020<\/a><\/p><\/blockquote>\n<p><script async src=\"https:\/\/platform.twitter.com\/widgets.js\" charset=\"utf-8\"><\/script><\/p>\n<p>[ad_2]<br \/>\n<br \/><a href=\"https:\/\/twitter.com\/pedroisandretta\/statuses\/1271184940663742473\">Fonte<\/a> : Projeto <a href=\"https:\/\/www.pedroandretta.info\/informeci\">Informe-CI<\/a><\/p>\n","protected":false},"excerpt":{"rendered":"<p>[ad_1] Acad\u00eamicos e revistas cient\u00edficas fazem greve contra racismo em universidades e laborat\u00f3rios |\u201cO movimento ganhou for\u00e7a nas redes sociais, com pessoas que compartilharam suas hist\u00f3rias e clamaram por mais diversidade dentro da pesquisa acad\u00eamica\u201d via Folha https:\/\/t.co\/6V2qLdE6HC &mdash; Pedro Andretta (@pedroisandretta) June 11, 2020 [ad_2] Fonte : Projeto Informe-CI<\/p>\n","protected":false},"author":1,"featured_media":6044,"comment_status":"open","ping_status":"open","sticky":false,"template":"","format":"standard","meta":{"_jetpack_memberships_contains_paid_content":false,"footnotes":"","jetpack_publicize_message":"","jetpack_publicize_feature_enabled":true,"jetpack_social_post_already_shared":true,"jetpack_social_options":{"image_generator_settings":{"template":"highway","default_image_id":0,"font":"","enabled":false},"version":2}},"categories":[21],"tags":[],"class_list":["post-6043","post","type-post","status-publish","format-standard","has-post-thumbnail","hentry","category-informeci"],"jetpack_publicize_connections":[],"jetpack_featured_media_url":"https:\/\/i0.wp.com\/www.pedroandretta.info\/index\/wp-content\/uploads\/2020\/06\/Academicos-e-revistas-cientificas-fazem-greve-contra-racismo-em-universidades.jpg?fit=2400%2C1600&ssl=1","views":"","jetpack_sharing_enabled":true,"_links":{"self":[{"href":"https:\/\/www.pedroandretta.info\/index\/wp-json\/wp\/v2\/posts\/6043","targetHints":{"allow":["GET"]}}],"collection":[{"href":"https:\/\/www.pedroandretta.info\/index\/wp-json\/wp\/v2\/posts"}],"about":[{"href":"https:\/\/www.pedroandretta.info\/index\/wp-json\/wp\/v2\/types\/post"}],"author":[{"embeddable":true,"href":"https:\/\/www.pedroandretta.info\/index\/wp-json\/wp\/v2\/users\/1"}],"replies":[{"embeddable":true,"href":"https:\/\/www.pedroandretta.info\/index\/wp-json\/wp\/v2\/comments?post=6043"}],"version-history":[{"count":0,"href":"https:\/\/www.pedroandretta.info\/index\/wp-json\/wp\/v2\/posts\/6043\/revisions"}],"wp:featuredmedia":[{"embeddable":true,"href":"https:\/\/www.pedroandretta.info\/index\/wp-json\/wp\/v2\/media\/6044"}],"wp:attachment":[{"href":"https:\/\/www.pedroandretta.info\/index\/wp-json\/wp\/v2\/media?parent=6043"}],"wp:term":[{"taxonomy":"category","embeddable":true,"href":"https:\/\/www.pedroandretta.info\/index\/wp-json\/wp\/v2\/categories?post=6043"},{"taxonomy":"post_tag","embeddable":true,"href":"https:\/\/www.pedroandretta.info\/index\/wp-json\/wp\/v2\/tags?post=6043"}],"curies":[{"name":"wp","href":"https:\/\/api.w.org\/{rel}","templated":true}]}}