{"id":6078,"date":"2020-06-14T15:06:35","date_gmt":"2020-06-14T19:06:35","guid":{"rendered":"https:\/\/www.pedroandretta.info\/index\/?p=6078"},"modified":"2020-06-14T15:06:35","modified_gmt":"2020-06-14T19:06:35","slug":"declaracao-da-escola-de-ciencia-da-informacao-sobre-diversidade-equidade-e-i","status":"publish","type":"post","link":"https:\/\/www.pedroandretta.info\/index\/2020\/06\/declaracao-da-escola-de-ciencia-da-informacao-sobre-diversidade-equidade-e-i\/","title":{"rendered":"Declara\u00e7\u00e3o da Escola de Ci\u00eancia da Informa\u00e7\u00e3o sobre #diversidade, #equidade e #i&#8230;"},"content":{"rendered":"<p>[ad_1]<\/p>\n<blockquote class=\"twitter-tweet\">\n<p lang=\"pt\" dir=\"ltr\">Declara\u00e7\u00e3o da Escola de Ci\u00eancia da Informa\u00e7\u00e3o sobre <a target=\"_blank\" href=\"https:\/\/twitter.com\/hashtag\/diversidade?src=hash&amp;ref_src=twsrc%5Etfw\" rel=\"noopener noreferrer\">#diversidade<\/a>, <a target=\"_blank\" href=\"https:\/\/twitter.com\/hashtag\/equidade?src=hash&amp;ref_src=twsrc%5Etfw\" rel=\"noopener noreferrer\">#equidade<\/a> e <a target=\"_blank\" href=\"https:\/\/twitter.com\/hashtag\/inclus%C3%A3o?src=hash&amp;ref_src=twsrc%5Etfw\" rel=\"noopener noreferrer\">#inclus\u00e3o<\/a> |\u201cBuscamos um mundo em que a diferen\u00e7a seja buscada, os vulner\u00e1veis \u200b\u200bsejam ativamente protegidos e o servi\u00e7o ou\u00e7a e aprenda mais do que ensine e conte\u201d \ud83c\uddfa\ud83c\uddf8via D. Lankes <a target=\"_blank\" href=\"https:\/\/t.co\/UXXeZvv3M0\" rel=\"noopener noreferrer\">https:\/\/t.co\/UXXeZvv3M0<\/a><\/p>\n<p>&mdash; Pedro Andretta (@pedroisandretta) <a target=\"_blank\" href=\"https:\/\/twitter.com\/pedroisandretta\/status\/1272244060196089858?ref_src=twsrc%5Etfw\" rel=\"noopener noreferrer\">June 14, 2020<\/a><\/p><\/blockquote>\n<p><script async src=\"https:\/\/platform.twitter.com\/widgets.js\" charset=\"utf-8\"><\/script><\/p>\n<p>[ad_2]<br \/>\n<br \/><a href=\"https:\/\/twitter.com\/pedroisandretta\/statuses\/1272244060196089858\">Fonte<\/a> : Projeto <a href=\"https:\/\/www.pedroandretta.info\/informeci\">Informe-CI<\/a><\/p>\n","protected":false},"excerpt":{"rendered":"<p>[ad_1] Declara\u00e7\u00e3o da Escola de Ci\u00eancia da Informa\u00e7\u00e3o sobre #diversidade, #equidade e #inclus\u00e3o |\u201cBuscamos um mundo em que a diferen\u00e7a seja buscada, os vulner\u00e1veis \u200b\u200bsejam ativamente protegidos e o servi\u00e7o ou\u00e7a e aprenda mais do que ensine e conte\u201d \ud83c\uddfa\ud83c\uddf8via D. Lankes https:\/\/t.co\/UXXeZvv3M0 &mdash; Pedro Andretta (@pedroisandretta) June 14, 2020 [ad_2] Fonte : Projeto Informe-CI<\/p>\n","protected":false},"author":1,"featured_media":0,"comment_status":"open","ping_status":"open","sticky":false,"template":"","format":"standard","meta":{"_jetpack_newsletter_access":"","_jetpack_dont_email_post_to_subs":false,"_jetpack_newsletter_tier_id":0,"_jetpack_memberships_contains_paywalled_content":false,"_jetpack_feature_clip_id":0,"_jetpack_memberships_contains_paid_content":false,"footnotes":"","jetpack_publicize_message":"","jetpack_publicize_feature_enabled":true,"jetpack_social_post_already_shared":true,"jetpack_social_options":{"image_generator_settings":{"template":"highway","default_image_id":0,"font":"","enabled":false},"version":2},"jetpack_post_was_ever_published":false},"categories":[21],"tags":[304,1013,850],"class_list":["post-6078","post","type-post","status-publish","format-standard","hentry","category-informeci","tag-diversidade","tag-equidade","tag-inclusao"],"jetpack_publicize_connections":[],"jetpack_featured_media_url":"","views":"","jetpack_sharing_enabled":true,"_links":{"self":[{"href":"https:\/\/www.pedroandretta.info\/index\/wp-json\/wp\/v2\/posts\/6078","targetHints":{"allow":["GET"]}}],"collection":[{"href":"https:\/\/www.pedroandretta.info\/index\/wp-json\/wp\/v2\/posts"}],"about":[{"href":"https:\/\/www.pedroandretta.info\/index\/wp-json\/wp\/v2\/types\/post"}],"author":[{"embeddable":true,"href":"https:\/\/www.pedroandretta.info\/index\/wp-json\/wp\/v2\/users\/1"}],"replies":[{"embeddable":true,"href":"https:\/\/www.pedroandretta.info\/index\/wp-json\/wp\/v2\/comments?post=6078"}],"version-history":[{"count":0,"href":"https:\/\/www.pedroandretta.info\/index\/wp-json\/wp\/v2\/posts\/6078\/revisions"}],"wp:attachment":[{"href":"https:\/\/www.pedroandretta.info\/index\/wp-json\/wp\/v2\/media?parent=6078"}],"wp:term":[{"taxonomy":"category","embeddable":true,"href":"https:\/\/www.pedroandretta.info\/index\/wp-json\/wp\/v2\/categories?post=6078"},{"taxonomy":"post_tag","embeddable":true,"href":"https:\/\/www.pedroandretta.info\/index\/wp-json\/wp\/v2\/tags?post=6078"}],"curies":[{"name":"wp","href":"https:\/\/api.w.org\/{rel}","templated":true}]}}