{"id":6113,"date":"2020-06-17T20:29:56","date_gmt":"2020-06-18T00:29:56","guid":{"rendered":"https:\/\/www.pedroandretta.info\/index\/?p=6113"},"modified":"2020-06-17T20:29:56","modified_gmt":"2020-06-18T00:29:56","slug":"sesi-promove-demissao-em-massa-de-bibliotecarios-denuncia-sindicato-a","status":"publish","type":"post","link":"https:\/\/www.pedroandretta.info\/index\/2020\/06\/sesi-promove-demissao-em-massa-de-bibliotecarios-denuncia-sindicato-a\/","title":{"rendered":"Sesi promove #demiss\u00e3o em massa de #bibliotec\u00e1rios, denuncia sindicato| \u201c[&#8230;] a&#8230;"},"content":{"rendered":"<p>[ad_1]<br \/>\n<img data-recalc-dims=\"1\" decoding=\"async\" src=\"https:\/\/i0.wp.com\/www.pedroandretta.info\/index\/wp-content\/uploads\/2020\/06\/Sesi-promove-demissao-em-massa-de-bibliotecarios-denuncia-sindicato-%E2%80%9C.jpg?w=696&#038;ssl=1\"\/><\/p>\n<blockquote class=\"twitter-tweet\">\n<p lang=\"pt\" dir=\"ltr\">Sesi promove <a target=\"_blank\" href=\"https:\/\/twitter.com\/hashtag\/demiss%C3%A3o?src=hash&amp;ref_src=twsrc%5Etfw\" rel=\"noopener noreferrer\">#demiss\u00e3o<\/a> em massa de <a target=\"_blank\" href=\"https:\/\/twitter.com\/hashtag\/bibliotec%C3%A1rios?src=hash&amp;ref_src=twsrc%5Etfw\" rel=\"noopener noreferrer\">#bibliotec\u00e1rios<\/a>, denuncia sindicato| \u201c[&#8230;] a MP 932\/2020 determinou a redu\u00e7\u00e3o de 50% na contribui\u00e7\u00e3o feita pelas empresas \u00e0s entidades que integram o Sistema, pelo per\u00edodo de tr\u00eas meses em fun\u00e7\u00e3o da pandemia\u201d via Biblioo <a target=\"_blank\" href=\"https:\/\/t.co\/h5iMadf8Jo\" rel=\"noopener noreferrer\">https:\/\/t.co\/h5iMadf8Jo<\/a><\/p>\n<p>&mdash; Pedro Andretta (@pedroisandretta) <a target=\"_blank\" href=\"https:\/\/twitter.com\/pedroisandretta\/status\/1273412596801175556?ref_src=twsrc%5Etfw\" rel=\"noopener noreferrer\">June 18, 2020<\/a><\/p><\/blockquote>\n<p><script async src=\"https:\/\/platform.twitter.com\/widgets.js\" charset=\"utf-8\"><\/script><\/p>\n<p>[ad_2]<br \/>\n<br \/><a href=\"https:\/\/twitter.com\/pedroisandretta\/statuses\/1273412596801175556\">Fonte<\/a> : Projeto <a href=\"https:\/\/www.pedroandretta.info\/informeci\">Informe-CI<\/a><\/p>\n","protected":false},"excerpt":{"rendered":"<p>[ad_1] Sesi promove #demiss\u00e3o em massa de #bibliotec\u00e1rios, denuncia sindicato| \u201c[&#8230;] a MP 932\/2020 determinou a redu\u00e7\u00e3o de 50% na contribui\u00e7\u00e3o feita pelas empresas \u00e0s entidades que integram o Sistema, pelo per\u00edodo de tr\u00eas meses em fun\u00e7\u00e3o da pandemia\u201d via Biblioo https:\/\/t.co\/h5iMadf8Jo &mdash; Pedro Andretta (@pedroisandretta) June 18, 2020 [ad_2] Fonte : Projeto Informe-CI<\/p>\n","protected":false},"author":1,"featured_media":6114,"comment_status":"open","ping_status":"open","sticky":false,"template":"","format":"standard","meta":{"_jetpack_memberships_contains_paid_content":false,"footnotes":"","jetpack_publicize_message":"","jetpack_publicize_feature_enabled":true,"jetpack_social_post_already_shared":true,"jetpack_social_options":{"image_generator_settings":{"template":"highway","default_image_id":0,"font":"","enabled":false},"version":2}},"categories":[21],"tags":[22,1028],"class_list":["post-6113","post","type-post","status-publish","format-standard","has-post-thumbnail","hentry","category-informeci","tag-bibliotecarios","tag-demissao"],"jetpack_publicize_connections":[],"jetpack_featured_media_url":"https:\/\/i0.wp.com\/www.pedroandretta.info\/index\/wp-content\/uploads\/2020\/06\/Sesi-promove-demissao-em-massa-de-bibliotecarios-denuncia-sindicato-%E2%80%9C.jpg?fit=1500%2C587&ssl=1","views":"","jetpack_sharing_enabled":true,"_links":{"self":[{"href":"https:\/\/www.pedroandretta.info\/index\/wp-json\/wp\/v2\/posts\/6113","targetHints":{"allow":["GET"]}}],"collection":[{"href":"https:\/\/www.pedroandretta.info\/index\/wp-json\/wp\/v2\/posts"}],"about":[{"href":"https:\/\/www.pedroandretta.info\/index\/wp-json\/wp\/v2\/types\/post"}],"author":[{"embeddable":true,"href":"https:\/\/www.pedroandretta.info\/index\/wp-json\/wp\/v2\/users\/1"}],"replies":[{"embeddable":true,"href":"https:\/\/www.pedroandretta.info\/index\/wp-json\/wp\/v2\/comments?post=6113"}],"version-history":[{"count":0,"href":"https:\/\/www.pedroandretta.info\/index\/wp-json\/wp\/v2\/posts\/6113\/revisions"}],"wp:featuredmedia":[{"embeddable":true,"href":"https:\/\/www.pedroandretta.info\/index\/wp-json\/wp\/v2\/media\/6114"}],"wp:attachment":[{"href":"https:\/\/www.pedroandretta.info\/index\/wp-json\/wp\/v2\/media?parent=6113"}],"wp:term":[{"taxonomy":"category","embeddable":true,"href":"https:\/\/www.pedroandretta.info\/index\/wp-json\/wp\/v2\/categories?post=6113"},{"taxonomy":"post_tag","embeddable":true,"href":"https:\/\/www.pedroandretta.info\/index\/wp-json\/wp\/v2\/tags?post=6113"}],"curies":[{"name":"wp","href":"https:\/\/api.w.org\/{rel}","templated":true}]}}