{"id":6115,"date":"2020-06-17T21:55:23","date_gmt":"2020-06-18T01:55:23","guid":{"rendered":"https:\/\/www.pedroandretta.info\/index\/?p=6115"},"modified":"2020-06-17T21:55:23","modified_gmt":"2020-06-18T01:55:23","slug":"proposta-de-piso-salarial-para-bibliotecarios-pode-ser-debatida-por-senadores","status":"publish","type":"post","link":"https:\/\/www.pedroandretta.info\/index\/2020\/06\/proposta-de-piso-salarial-para-bibliotecarios-pode-ser-debatida-por-senadores\/","title":{"rendered":"Proposta de piso salarial para #bibliotec\u00e1rios pode ser debatida por senadores  &#8230;"},"content":{"rendered":"<p>[ad_1]<br \/>\n<img data-recalc-dims=\"1\" decoding=\"async\" src=\"https:\/\/i0.wp.com\/www.pedroandretta.info\/index\/wp-content\/uploads\/2020\/06\/Proposta-de-piso-salarial-para-bibliotecarios-pode-ser-debatida-por.jpg?w=696&#038;ssl=1\"\/><\/p>\n<blockquote class=\"twitter-tweet\">\n<p lang=\"pt\" dir=\"ltr\">Proposta de piso salarial para <a target=\"_blank\" href=\"https:\/\/twitter.com\/hashtag\/bibliotec%C3%A1rios?src=hash&amp;ref_src=twsrc%5Etfw\" rel=\"noopener noreferrer\">#bibliotec\u00e1rios<\/a> pode ser debatida por senadores  |\u201cPara virar uma sugest\u00e3o legislativa, o tema precisa receber 20 mil apoios at\u00e9 o final do m\u00eas de setembro. Acesse o site e vote\u201d (Veja tamb\u00e9m as m\u00e9dias salariais!) via Biblioo <a target=\"_blank\" href=\"https:\/\/t.co\/p6dD1ebv47\" rel=\"noopener noreferrer\">https:\/\/t.co\/p6dD1ebv47<\/a><\/p>\n<p>&mdash; Pedro Andretta (@pedroisandretta) <a target=\"_blank\" href=\"https:\/\/twitter.com\/pedroisandretta\/status\/1273434099898875904?ref_src=twsrc%5Etfw\" rel=\"noopener noreferrer\">June 18, 2020<\/a><\/p><\/blockquote>\n<p><script async src=\"https:\/\/platform.twitter.com\/widgets.js\" charset=\"utf-8\"><\/script><\/p>\n<p>[ad_2]<br \/>\n<br \/><a href=\"https:\/\/twitter.com\/pedroisandretta\/statuses\/1273434099898875904\">Fonte<\/a> : Projeto <a href=\"https:\/\/www.pedroandretta.info\/informeci\">Informe-CI<\/a><\/p>\n","protected":false},"excerpt":{"rendered":"<p>[ad_1] Proposta de piso salarial para #bibliotec\u00e1rios pode ser debatida por senadores |\u201cPara virar uma sugest\u00e3o legislativa, o tema precisa receber 20 mil apoios at\u00e9 o final do m\u00eas de setembro. Acesse o site e vote\u201d (Veja tamb\u00e9m as m\u00e9dias salariais!) via Biblioo https:\/\/t.co\/p6dD1ebv47 &mdash; Pedro Andretta (@pedroisandretta) June 18, 2020 [ad_2] Fonte : Projeto<\/p><\/div>\n<div class=\"blog-btn\"><a href=\"https:\/\/www.pedroandretta.info\/index\/2020\/06\/proposta-de-piso-salarial-para-bibliotecarios-pode-ser-debatida-por-senadores\/\" class=\"home-blog-btn\">Ler mais<\/a><\/p>\n","protected":false},"author":1,"featured_media":6116,"comment_status":"open","ping_status":"open","sticky":false,"template":"","format":"standard","meta":{"_jetpack_memberships_contains_paid_content":false,"footnotes":"","jetpack_publicize_message":"","jetpack_publicize_feature_enabled":true,"jetpack_social_post_already_shared":true,"jetpack_social_options":{"image_generator_settings":{"template":"highway","default_image_id":0,"font":"","enabled":false},"version":2}},"categories":[21],"tags":[22],"class_list":["post-6115","post","type-post","status-publish","format-standard","has-post-thumbnail","hentry","category-informeci","tag-bibliotecarios"],"jetpack_publicize_connections":[],"jetpack_featured_media_url":"https:\/\/i0.wp.com\/www.pedroandretta.info\/index\/wp-content\/uploads\/2020\/06\/Proposta-de-piso-salarial-para-bibliotecarios-pode-ser-debatida-por.jpg?fit=1500%2C500&ssl=1","views":"","jetpack_sharing_enabled":true,"_links":{"self":[{"href":"https:\/\/www.pedroandretta.info\/index\/wp-json\/wp\/v2\/posts\/6115","targetHints":{"allow":["GET"]}}],"collection":[{"href":"https:\/\/www.pedroandretta.info\/index\/wp-json\/wp\/v2\/posts"}],"about":[{"href":"https:\/\/www.pedroandretta.info\/index\/wp-json\/wp\/v2\/types\/post"}],"author":[{"embeddable":true,"href":"https:\/\/www.pedroandretta.info\/index\/wp-json\/wp\/v2\/users\/1"}],"replies":[{"embeddable":true,"href":"https:\/\/www.pedroandretta.info\/index\/wp-json\/wp\/v2\/comments?post=6115"}],"version-history":[{"count":0,"href":"https:\/\/www.pedroandretta.info\/index\/wp-json\/wp\/v2\/posts\/6115\/revisions"}],"wp:featuredmedia":[{"embeddable":true,"href":"https:\/\/www.pedroandretta.info\/index\/wp-json\/wp\/v2\/media\/6116"}],"wp:attachment":[{"href":"https:\/\/www.pedroandretta.info\/index\/wp-json\/wp\/v2\/media?parent=6115"}],"wp:term":[{"taxonomy":"category","embeddable":true,"href":"https:\/\/www.pedroandretta.info\/index\/wp-json\/wp\/v2\/categories?post=6115"},{"taxonomy":"post_tag","embeddable":true,"href":"https:\/\/www.pedroandretta.info\/index\/wp-json\/wp\/v2\/tags?post=6115"}],"curies":[{"name":"wp","href":"https:\/\/api.w.org\/{rel}","templated":true}]}}