{"id":6117,"date":"2020-06-17T21:51:13","date_gmt":"2020-06-18T01:51:13","guid":{"rendered":"https:\/\/www.pedroandretta.info\/index\/?p=6117"},"modified":"2020-06-17T21:51:13","modified_gmt":"2020-06-18T01:51:13","slug":"os-direitosautorais-como-competencia-profissional-para-a-atuacao-do-biblioteca","status":"publish","type":"post","link":"https:\/\/www.pedroandretta.info\/index\/2020\/06\/os-direitosautorais-como-competencia-profissional-para-a-atuacao-do-biblioteca\/","title":{"rendered":"Os #direitosautorais como compet\u00eancia profissional para a atua\u00e7\u00e3o do #bibliotec\u00e1&#8230;"},"content":{"rendered":"<p>[ad_1]<\/p>\n<blockquote class=\"twitter-tweet\">\n<p lang=\"pt\" dir=\"ltr\">Os <a target=\"_blank\" href=\"https:\/\/twitter.com\/hashtag\/direitosautorais?src=hash&amp;ref_src=twsrc%5Etfw\" rel=\"noopener noreferrer\">#direitosautorais<\/a> como compet\u00eancia profissional para a atua\u00e7\u00e3o do <a target=\"_blank\" href=\"https:\/\/twitter.com\/hashtag\/bibliotec%C3%A1rio?src=hash&amp;ref_src=twsrc%5Etfw\" rel=\"noopener noreferrer\">#bibliotec\u00e1rio<\/a> de refer\u00eancia | \u201c[&#8230;] o profissional deve atuar como mediador entre os interesses dos autores e dos usu\u00e1rios [&#8230;]\u201d <a target=\"_blank\" href=\"https:\/\/twitter.com\/hashtag\/bibliotecasuniversit%C3%A1rias?src=hash&amp;ref_src=twsrc%5Etfw\" rel=\"noopener noreferrer\">#bibliotecasuniversit\u00e1rias<\/a>  <a target=\"_blank\" href=\"https:\/\/twitter.com\/hashtag\/copyrightliteracy?src=hash&amp;ref_src=twsrc%5Etfw\" rel=\"noopener noreferrer\">#copyrightliteracy<\/a> <a target=\"_blank\" href=\"https:\/\/t.co\/V7RakmqwNR\" rel=\"noopener noreferrer\">https:\/\/t.co\/V7RakmqwNR<\/a> <a target=\"_blank\" href=\"https:\/\/t.co\/nWCiri1vLD\" rel=\"noopener noreferrer\">pic.twitter.com\/nWCiri1vLD<\/a><\/p>\n<p>&mdash; Pedro Andretta (@pedroisandretta) <a target=\"_blank\" href=\"https:\/\/twitter.com\/pedroisandretta\/status\/1273433050060410880?ref_src=twsrc%5Etfw\" rel=\"noopener noreferrer\">June 18, 2020<\/a><\/p><\/blockquote>\n<p><script async src=\"https:\/\/platform.twitter.com\/widgets.js\" charset=\"utf-8\"><\/script><\/p>\n<p>[ad_2]<br \/>\n<br \/><a href=\"https:\/\/twitter.com\/pedroisandretta\/statuses\/1273433050060410880\">Fonte<\/a> : Projeto <a href=\"https:\/\/www.pedroandretta.info\/informeci\">Informe-CI<\/a><\/p>\n","protected":false},"excerpt":{"rendered":"<p>[ad_1] Os #direitosautorais como compet\u00eancia profissional para a atua\u00e7\u00e3o do #bibliotec\u00e1rio de refer\u00eancia | \u201c[&#8230;] o profissional deve atuar como mediador entre os interesses dos autores e dos usu\u00e1rios [&#8230;]\u201d #bibliotecasuniversit\u00e1rias #copyrightliteracy https:\/\/t.co\/V7RakmqwNR pic.twitter.com\/nWCiri1vLD &mdash; Pedro Andretta (@pedroisandretta) June 18, 2020 [ad_2] Fonte : Projeto Informe-CI<\/p>\n","protected":false},"author":1,"featured_media":6118,"comment_status":"open","ping_status":"open","sticky":false,"template":"","format":"standard","meta":{"_jetpack_memberships_contains_paid_content":false,"footnotes":"","jetpack_publicize_message":"","jetpack_publicize_feature_enabled":true,"jetpack_social_post_already_shared":true,"jetpack_social_options":{"image_generator_settings":{"template":"highway","default_image_id":0,"font":"","enabled":false},"version":2}},"categories":[21],"tags":[22,114,865,301],"class_list":["post-6117","post","type-post","status-publish","format-standard","has-post-thumbnail","hentry","category-informeci","tag-bibliotecarios","tag-bibliotecasuniversitarias","tag-copyrightliteracy","tag-direitosautorais"],"jetpack_publicize_connections":[],"jetpack_featured_media_url":"https:\/\/i0.wp.com\/www.pedroandretta.info\/index\/wp-content\/uploads\/2020\/06\/Os-direitosautorais-como-competencia-profissional-para-a-atuacao-do-biblioteca.jpg?fit=640%2C897&ssl=1","views":"","jetpack_sharing_enabled":true,"_links":{"self":[{"href":"https:\/\/www.pedroandretta.info\/index\/wp-json\/wp\/v2\/posts\/6117","targetHints":{"allow":["GET"]}}],"collection":[{"href":"https:\/\/www.pedroandretta.info\/index\/wp-json\/wp\/v2\/posts"}],"about":[{"href":"https:\/\/www.pedroandretta.info\/index\/wp-json\/wp\/v2\/types\/post"}],"author":[{"embeddable":true,"href":"https:\/\/www.pedroandretta.info\/index\/wp-json\/wp\/v2\/users\/1"}],"replies":[{"embeddable":true,"href":"https:\/\/www.pedroandretta.info\/index\/wp-json\/wp\/v2\/comments?post=6117"}],"version-history":[{"count":0,"href":"https:\/\/www.pedroandretta.info\/index\/wp-json\/wp\/v2\/posts\/6117\/revisions"}],"wp:featuredmedia":[{"embeddable":true,"href":"https:\/\/www.pedroandretta.info\/index\/wp-json\/wp\/v2\/media\/6118"}],"wp:attachment":[{"href":"https:\/\/www.pedroandretta.info\/index\/wp-json\/wp\/v2\/media?parent=6117"}],"wp:term":[{"taxonomy":"category","embeddable":true,"href":"https:\/\/www.pedroandretta.info\/index\/wp-json\/wp\/v2\/categories?post=6117"},{"taxonomy":"post_tag","embeddable":true,"href":"https:\/\/www.pedroandretta.info\/index\/wp-json\/wp\/v2\/tags?post=6117"}],"curies":[{"name":"wp","href":"https:\/\/api.w.org\/{rel}","templated":true}]}}