{"id":6119,"date":"2020-06-18T02:00:28","date_gmt":"2020-06-18T06:00:28","guid":{"rendered":"https:\/\/www.pedroandretta.info\/index\/?p=6119"},"modified":"2020-06-18T02:00:28","modified_gmt":"2020-06-18T06:00:28","slug":"funcoes-culturais-ou-simbolicas-nas-bibliotecas-e-sua-relacao-com-a-desigualdade","status":"publish","type":"post","link":"https:\/\/www.pedroandretta.info\/index\/2020\/06\/funcoes-culturais-ou-simbolicas-nas-bibliotecas-e-sua-relacao-com-a-desigualdade\/","title":{"rendered":"Fun\u00e7\u00f5es culturais ou simb\u00f3licas nas bibliotecas e sua rela\u00e7\u00e3o com a desigualdade&#8230;"},"content":{"rendered":"<p>[ad_1]<\/p>\n<blockquote class=\"twitter-tweet\">\n<p lang=\"pt\" dir=\"ltr\">Fun\u00e7\u00f5es culturais ou simb\u00f3licas nas bibliotecas e sua rela\u00e7\u00e3o com a desigualdade: o caso de Medell\u00edn | <a target=\"_blank\" href=\"https:\/\/twitter.com\/hashtag\/BibliotecasP%C3%BAblicas?src=hash&amp;ref_src=twsrc%5Etfw\" rel=\"noopener noreferrer\">#BibliotecasP\u00fablicas<\/a> Produ\u00e7\u00e3o de <a target=\"_blank\" href=\"https:\/\/twitter.com\/hashtag\/Sentidos?src=hash&amp;ref_src=twsrc%5Etfw\" rel=\"noopener noreferrer\">#Sentidos<\/a> <a target=\"_blank\" href=\"https:\/\/twitter.com\/hashtag\/CapitalCultural?src=hash&amp;ref_src=twsrc%5Etfw\" rel=\"noopener noreferrer\">#CapitalCultural<\/a><a target=\"_blank\" href=\"https:\/\/twitter.com\/hashtag\/Media%C3%A7%C3%A3oCultural?src=hash&amp;ref_src=twsrc%5Etfw\" rel=\"noopener noreferrer\">#Media\u00e7\u00e3oCultural<\/a><a target=\"_blank\" href=\"https:\/\/twitter.com\/hashtag\/Mem%C3%B3ria?src=hash&amp;ref_src=twsrc%5Etfw\" rel=\"noopener noreferrer\">#Mem\u00f3ria<\/a> <a target=\"_blank\" href=\"https:\/\/twitter.com\/hashtag\/BensCulturais?src=hash&amp;ref_src=twsrc%5Etfw\" rel=\"noopener noreferrer\">#BensCulturais<\/a> <a target=\"_blank\" href=\"https:\/\/twitter.com\/hashtag\/DesigualdadeSocial?src=hash&amp;ref_src=twsrc%5Etfw\" rel=\"noopener noreferrer\">#DesigualdadeSocial<\/a> \ud83c\uddea\ud83c\uddf8 <a target=\"_blank\" href=\"https:\/\/t.co\/0lUaAcgA8e\" rel=\"noopener noreferrer\">https:\/\/t.co\/0lUaAcgA8e<\/a> <a target=\"_blank\" href=\"https:\/\/t.co\/gFuF7CmU7U\" rel=\"noopener noreferrer\">pic.twitter.com\/gFuF7CmU7U<\/a><\/p>\n<p>&mdash; Pedro Andretta (@pedroisandretta) <a target=\"_blank\" href=\"https:\/\/twitter.com\/pedroisandretta\/status\/1273495776912707585?ref_src=twsrc%5Etfw\" rel=\"noopener noreferrer\">June 18, 2020<\/a><\/p><\/blockquote>\n<p><script async src=\"https:\/\/platform.twitter.com\/widgets.js\" charset=\"utf-8\"><\/script><\/p>\n<p>[ad_2]<br \/>\n<br \/><a href=\"https:\/\/twitter.com\/pedroisandretta\/statuses\/1273495776912707585\">Fonte<\/a> : Projeto <a href=\"https:\/\/www.pedroandretta.info\/informeci\">Informe-CI<\/a><\/p>\n","protected":false},"excerpt":{"rendered":"<p>[ad_1] Fun\u00e7\u00f5es culturais ou simb\u00f3licas nas bibliotecas e sua rela\u00e7\u00e3o com a desigualdade: o caso de Medell\u00edn | #BibliotecasP\u00fablicas Produ\u00e7\u00e3o de #Sentidos #CapitalCultural#Media\u00e7\u00e3oCultural#Mem\u00f3ria #BensCulturais #DesigualdadeSocial \ud83c\uddea\ud83c\uddf8 https:\/\/t.co\/0lUaAcgA8e pic.twitter.com\/gFuF7CmU7U &mdash; Pedro Andretta (@pedroisandretta) June 18, 2020 [ad_2] Fonte : Projeto Informe-CI<\/p>\n","protected":false},"author":1,"featured_media":6120,"comment_status":"open","ping_status":"open","sticky":false,"template":"","format":"standard","meta":{"_jetpack_memberships_contains_paid_content":false,"footnotes":"","jetpack_publicize_message":"","jetpack_publicize_feature_enabled":true,"jetpack_social_post_already_shared":true,"jetpack_social_options":{"image_generator_settings":{"template":"highway","default_image_id":0,"font":"","enabled":false},"version":2}},"categories":[21],"tags":[1031,39,1030,1032,954,430,1029],"class_list":["post-6119","post","type-post","status-publish","format-standard","has-post-thumbnail","hentry","category-informeci","tag-bensculturais","tag-bibliotecaspublicas","tag-capitalcultural","tag-desigualdadesocial","tag-mediacaocultural","tag-memoria","tag-sentidos"],"jetpack_publicize_connections":[],"jetpack_featured_media_url":"https:\/\/i0.wp.com\/www.pedroandretta.info\/index\/wp-content\/uploads\/2020\/06\/Funcoes-culturais-ou-simbolicas-nas-bibliotecas-e-sua-relacao-com.jpg?fit=640%2C844&ssl=1","views":"","jetpack_sharing_enabled":true,"_links":{"self":[{"href":"https:\/\/www.pedroandretta.info\/index\/wp-json\/wp\/v2\/posts\/6119","targetHints":{"allow":["GET"]}}],"collection":[{"href":"https:\/\/www.pedroandretta.info\/index\/wp-json\/wp\/v2\/posts"}],"about":[{"href":"https:\/\/www.pedroandretta.info\/index\/wp-json\/wp\/v2\/types\/post"}],"author":[{"embeddable":true,"href":"https:\/\/www.pedroandretta.info\/index\/wp-json\/wp\/v2\/users\/1"}],"replies":[{"embeddable":true,"href":"https:\/\/www.pedroandretta.info\/index\/wp-json\/wp\/v2\/comments?post=6119"}],"version-history":[{"count":0,"href":"https:\/\/www.pedroandretta.info\/index\/wp-json\/wp\/v2\/posts\/6119\/revisions"}],"wp:featuredmedia":[{"embeddable":true,"href":"https:\/\/www.pedroandretta.info\/index\/wp-json\/wp\/v2\/media\/6120"}],"wp:attachment":[{"href":"https:\/\/www.pedroandretta.info\/index\/wp-json\/wp\/v2\/media?parent=6119"}],"wp:term":[{"taxonomy":"category","embeddable":true,"href":"https:\/\/www.pedroandretta.info\/index\/wp-json\/wp\/v2\/categories?post=6119"},{"taxonomy":"post_tag","embeddable":true,"href":"https:\/\/www.pedroandretta.info\/index\/wp-json\/wp\/v2\/tags?post=6119"}],"curies":[{"name":"wp","href":"https:\/\/api.w.org\/{rel}","templated":true}]}}