{"id":6139,"date":"2020-06-19T14:39:35","date_gmt":"2020-06-19T18:39:35","guid":{"rendered":"https:\/\/www.pedroandretta.info\/index\/?p=6139"},"modified":"2020-06-19T14:39:35","modified_gmt":"2020-06-19T18:39:35","slug":"twitter-aconselha-marcas-a-ouvirem-vozes-negras-antes-de-se-manifestarem-o-t","status":"publish","type":"post","link":"https:\/\/www.pedroandretta.info\/index\/2020\/06\/twitter-aconselha-marcas-a-ouvirem-vozes-negras-antes-de-se-manifestarem-o-t\/","title":{"rendered":"#Twitter aconselha marcas a ouvirem vozes negras antes de se manifestarem | \u201cO t&#8230;"},"content":{"rendered":"<p>[ad_1]<br \/>\n<img data-recalc-dims=\"1\" decoding=\"async\" src=\"https:\/\/i0.wp.com\/www.pedroandretta.info\/index\/wp-content\/uploads\/2020\/06\/Twitter-aconselha-marcas-a-ouvirem-vozes-negras-antes-de-se.png?w=696&#038;ssl=1\"\/><\/p>\n<blockquote class=\"twitter-tweet\">\n<p lang=\"pt\" dir=\"ltr\"><a target=\"_blank\" href=\"https:\/\/twitter.com\/hashtag\/Twitter?src=hash&amp;ref_src=twsrc%5Etfw\" rel=\"noopener noreferrer\">#Twitter<\/a> aconselha marcas a ouvirem vozes negras antes de se manifestarem | \u201cO texto fala sobre estudar os casos de <a target=\"_blank\" href=\"https:\/\/twitter.com\/hashtag\/racismo?src=hash&amp;ref_src=twsrc%5Etfw\" rel=\"noopener noreferrer\">#racismo<\/a> antes de agir, fazer escolhas por solidariedade e n\u00e3o retroceder, criar rela\u00e7\u00f5es reais e amplificar as vozes da comunidade.\u201d via B9 <a target=\"_blank\" href=\"https:\/\/t.co\/1WR2fX7UOD\" rel=\"noopener noreferrer\">https:\/\/t.co\/1WR2fX7UOD<\/a><\/p>\n<p>&mdash; Pedro Andretta (@pedroisandretta) <a target=\"_blank\" href=\"https:\/\/twitter.com\/pedroisandretta\/status\/1274049205561147395?ref_src=twsrc%5Etfw\" rel=\"noopener noreferrer\">June 19, 2020<\/a><\/p><\/blockquote>\n<p><script async src=\"https:\/\/platform.twitter.com\/widgets.js\" charset=\"utf-8\"><\/script><\/p>\n<p>[ad_2]<br \/>\n<br \/><a href=\"https:\/\/twitter.com\/pedroisandretta\/statuses\/1274049205561147395\">Fonte<\/a> : Projeto <a href=\"https:\/\/www.pedroandretta.info\/informeci\">Informe-CI<\/a><\/p>\n","protected":false},"excerpt":{"rendered":"<p>[ad_1] #Twitter aconselha marcas a ouvirem vozes negras antes de se manifestarem | \u201cO texto fala sobre estudar os casos de #racismo antes de agir, fazer escolhas por solidariedade e n\u00e3o retroceder, criar rela\u00e7\u00f5es reais e amplificar as vozes da comunidade.\u201d via B9 https:\/\/t.co\/1WR2fX7UOD &mdash; Pedro Andretta (@pedroisandretta) June 19, 2020 [ad_2] Fonte : Projeto<\/p><\/div>\n<div class=\"blog-btn\"><a href=\"https:\/\/www.pedroandretta.info\/index\/2020\/06\/twitter-aconselha-marcas-a-ouvirem-vozes-negras-antes-de-se-manifestarem-o-t\/\" class=\"home-blog-btn\">Ler mais<\/a><\/p>\n","protected":false},"author":1,"featured_media":6140,"comment_status":"open","ping_status":"open","sticky":false,"template":"","format":"standard","meta":{"_jetpack_memberships_contains_paid_content":false,"footnotes":"","jetpack_publicize_message":"","jetpack_publicize_feature_enabled":true,"jetpack_social_post_already_shared":true,"jetpack_social_options":{"image_generator_settings":{"template":"highway","default_image_id":0,"font":"","enabled":false},"version":2}},"categories":[21],"tags":[247,167],"class_list":["post-6139","post","type-post","status-publish","format-standard","has-post-thumbnail","hentry","category-informeci","tag-racismo","tag-twitter"],"jetpack_publicize_connections":[],"jetpack_featured_media_url":"https:\/\/i0.wp.com\/www.pedroandretta.info\/index\/wp-content\/uploads\/2020\/06\/Twitter-aconselha-marcas-a-ouvirem-vozes-negras-antes-de-se.png?fit=1280%2C720&ssl=1","views":"","jetpack_sharing_enabled":true,"_links":{"self":[{"href":"https:\/\/www.pedroandretta.info\/index\/wp-json\/wp\/v2\/posts\/6139","targetHints":{"allow":["GET"]}}],"collection":[{"href":"https:\/\/www.pedroandretta.info\/index\/wp-json\/wp\/v2\/posts"}],"about":[{"href":"https:\/\/www.pedroandretta.info\/index\/wp-json\/wp\/v2\/types\/post"}],"author":[{"embeddable":true,"href":"https:\/\/www.pedroandretta.info\/index\/wp-json\/wp\/v2\/users\/1"}],"replies":[{"embeddable":true,"href":"https:\/\/www.pedroandretta.info\/index\/wp-json\/wp\/v2\/comments?post=6139"}],"version-history":[{"count":0,"href":"https:\/\/www.pedroandretta.info\/index\/wp-json\/wp\/v2\/posts\/6139\/revisions"}],"wp:featuredmedia":[{"embeddable":true,"href":"https:\/\/www.pedroandretta.info\/index\/wp-json\/wp\/v2\/media\/6140"}],"wp:attachment":[{"href":"https:\/\/www.pedroandretta.info\/index\/wp-json\/wp\/v2\/media?parent=6139"}],"wp:term":[{"taxonomy":"category","embeddable":true,"href":"https:\/\/www.pedroandretta.info\/index\/wp-json\/wp\/v2\/categories?post=6139"},{"taxonomy":"post_tag","embeddable":true,"href":"https:\/\/www.pedroandretta.info\/index\/wp-json\/wp\/v2\/tags?post=6139"}],"curies":[{"name":"wp","href":"https:\/\/api.w.org\/{rel}","templated":true}]}}