{"id":6242,"date":"2020-06-28T02:51:05","date_gmt":"2020-06-28T06:51:05","guid":{"rendered":"https:\/\/www.pedroandretta.info\/index\/?p=6242"},"modified":"2020-06-28T02:51:05","modified_gmt":"2020-06-28T06:51:05","slug":"producao-cientifica-feminina-cai-devido-a-pandemia-a-analise-mostra-que-a-prop","status":"publish","type":"post","link":"https:\/\/www.pedroandretta.info\/index\/2020\/06\/producao-cientifica-feminina-cai-devido-a-pandemia-a-analise-mostra-que-a-prop\/","title":{"rendered":"Produ\u00e7\u00e3o cient\u00edfica feminina cai devido \u00e0 pandemia| \u201cA an\u00e1lise mostra que a prop&#8230;"},"content":{"rendered":"<p>[ad_1]<\/p>\n<blockquote class=\"twitter-tweet\">\n<p lang=\"pt\" dir=\"ltr\">Produ\u00e7\u00e3o cient\u00edfica feminina cai devido \u00e0 pandemia| \u201cA an\u00e1lise mostra que a propor\u00e7\u00e3o de artigos aceitos com uma primeira autora do sexo feminino caiu abaixo da tend\u00eancia hist\u00f3rica para submiss\u00f5es feitas em mar\u00e7o, abril e maio\u201d <a target=\"_blank\" href=\"https:\/\/twitter.com\/hashtag\/ci%C3%AAncia?src=hash&amp;ref_src=twsrc%5Etfw\" rel=\"noopener noreferrer\">#ci\u00eancia<\/a> <a target=\"_blank\" href=\"https:\/\/twitter.com\/hashtag\/mulheres?src=hash&amp;ref_src=twsrc%5Etfw\" rel=\"noopener noreferrer\">#mulheres<\/a> via AGUIA <a target=\"_blank\" href=\"https:\/\/t.co\/uwp9v7ambE\" rel=\"noopener noreferrer\">https:\/\/t.co\/uwp9v7ambE<\/a><\/p>\n<p>&mdash; Pedro Andretta (@pedroisandretta) <a target=\"_blank\" href=\"https:\/\/twitter.com\/pedroisandretta\/status\/1277132395460939776?ref_src=twsrc%5Etfw\" rel=\"noopener noreferrer\">June 28, 2020<\/a><\/p><\/blockquote>\n<p><script async src=\"https:\/\/platform.twitter.com\/widgets.js\" charset=\"utf-8\"><\/script><\/p>\n<p>[ad_2]<br \/>\n<br \/><a href=\"https:\/\/twitter.com\/pedroisandretta\/statuses\/1277132395460939776\">Fonte<\/a> : Projeto <a href=\"https:\/\/www.pedroandretta.info\/informeci\">Informe-CI<\/a><\/p>\n","protected":false},"excerpt":{"rendered":"<p>[ad_1] Produ\u00e7\u00e3o cient\u00edfica feminina cai devido \u00e0 pandemia| \u201cA an\u00e1lise mostra que a propor\u00e7\u00e3o de artigos aceitos com uma primeira autora do sexo feminino caiu abaixo da tend\u00eancia hist\u00f3rica para submiss\u00f5es feitas em mar\u00e7o, abril e maio\u201d #ci\u00eancia #mulheres via AGUIA https:\/\/t.co\/uwp9v7ambE &mdash; Pedro Andretta (@pedroisandretta) June 28, 2020 [ad_2] Fonte : Projeto Informe-CI<\/p>\n","protected":false},"author":1,"featured_media":0,"comment_status":"open","ping_status":"open","sticky":false,"template":"","format":"standard","meta":{"_jetpack_memberships_contains_paid_content":false,"footnotes":"","jetpack_publicize_message":"","jetpack_publicize_feature_enabled":true,"jetpack_social_post_already_shared":true,"jetpack_social_options":{"image_generator_settings":{"template":"highway","default_image_id":0,"font":"","enabled":false},"version":2}},"categories":[21],"tags":[128,92],"class_list":["post-6242","post","type-post","status-publish","format-standard","hentry","category-informeci","tag-ciencia","tag-mulheres"],"jetpack_publicize_connections":[],"jetpack_featured_media_url":"","views":"","jetpack_sharing_enabled":true,"_links":{"self":[{"href":"https:\/\/www.pedroandretta.info\/index\/wp-json\/wp\/v2\/posts\/6242","targetHints":{"allow":["GET"]}}],"collection":[{"href":"https:\/\/www.pedroandretta.info\/index\/wp-json\/wp\/v2\/posts"}],"about":[{"href":"https:\/\/www.pedroandretta.info\/index\/wp-json\/wp\/v2\/types\/post"}],"author":[{"embeddable":true,"href":"https:\/\/www.pedroandretta.info\/index\/wp-json\/wp\/v2\/users\/1"}],"replies":[{"embeddable":true,"href":"https:\/\/www.pedroandretta.info\/index\/wp-json\/wp\/v2\/comments?post=6242"}],"version-history":[{"count":0,"href":"https:\/\/www.pedroandretta.info\/index\/wp-json\/wp\/v2\/posts\/6242\/revisions"}],"wp:attachment":[{"href":"https:\/\/www.pedroandretta.info\/index\/wp-json\/wp\/v2\/media?parent=6242"}],"wp:term":[{"taxonomy":"category","embeddable":true,"href":"https:\/\/www.pedroandretta.info\/index\/wp-json\/wp\/v2\/categories?post=6242"},{"taxonomy":"post_tag","embeddable":true,"href":"https:\/\/www.pedroandretta.info\/index\/wp-json\/wp\/v2\/tags?post=6242"}],"curies":[{"name":"wp","href":"https:\/\/api.w.org\/{rel}","templated":true}]}}