{"id":6244,"date":"2020-06-28T03:13:19","date_gmt":"2020-06-28T07:13:19","guid":{"rendered":"https:\/\/www.pedroandretta.info\/index\/?p=6244"},"modified":"2020-06-28T03:13:19","modified_gmt":"2020-06-28T07:13:19","slug":"por-que-as-bibliotecas-devem-se-envolver-na-tematica-lgbtqia-ha-duas-razo","status":"publish","type":"post","link":"https:\/\/www.pedroandretta.info\/index\/2020\/06\/por-que-as-bibliotecas-devem-se-envolver-na-tematica-lgbtqia-ha-duas-razo\/","title":{"rendered":"Por que as #bibliotecas devem se envolver na tem\u00e1tica #LGBTQIA+ ? | H\u00e1 duas raz\u00f5&#8230;"},"content":{"rendered":"<p>[ad_1]<br \/>\n<img data-recalc-dims=\"1\" decoding=\"async\" src=\"https:\/\/i0.wp.com\/www.pedroandretta.info\/index\/wp-content\/uploads\/2020\/06\/Por-que-as-bibliotecas-devem-se-envolver-na-tematica-LGBTQIA.jpg?w=696&#038;ssl=1\"\/><\/p>\n<blockquote class=\"twitter-tweet\">\n<p lang=\"pt\" dir=\"ltr\">Por que as <a target=\"_blank\" href=\"https:\/\/twitter.com\/hashtag\/bibliotecas?src=hash&amp;ref_src=twsrc%5Etfw\" rel=\"noopener noreferrer\">#bibliotecas<\/a> devem se envolver na tem\u00e1tica <a target=\"_blank\" href=\"https:\/\/twitter.com\/hashtag\/LGBTQIA?src=hash&amp;ref_src=twsrc%5Etfw\" rel=\"noopener noreferrer\">#LGBTQIA<\/a>+ ? | H\u00e1 duas raz\u00f5es para isso: a primeira delas, a defesa do direito \u00e0 vida, que abrange tanto o direito de n\u00e3o ser morto, como tamb\u00e9m o direito de ter uma vida digna\u201d via Biblioo <a target=\"_blank\" href=\"https:\/\/t.co\/7y9pmliGoR\" rel=\"noopener noreferrer\">https:\/\/t.co\/7y9pmliGoR<\/a><\/p>\n<p>&mdash; Pedro Andretta (@pedroisandretta) <a target=\"_blank\" href=\"https:\/\/twitter.com\/pedroisandretta\/status\/1277137988485615616?ref_src=twsrc%5Etfw\" rel=\"noopener noreferrer\">June 28, 2020<\/a><\/p><\/blockquote>\n<p><script async src=\"https:\/\/platform.twitter.com\/widgets.js\" charset=\"utf-8\"><\/script><\/p>\n<p>[ad_2]<br \/>\n<br \/><a href=\"https:\/\/twitter.com\/pedroisandretta\/statuses\/1277137988485615616\">Fonte<\/a> : Projeto <a href=\"https:\/\/www.pedroandretta.info\/informeci\">Informe-CI<\/a><\/p>\n","protected":false},"excerpt":{"rendered":"<p>[ad_1] Por que as #bibliotecas devem se envolver na tem\u00e1tica #LGBTQIA+ ? | H\u00e1 duas raz\u00f5es para isso: a primeira delas, a defesa do direito \u00e0 vida, que abrange tanto o direito de n\u00e3o ser morto, como tamb\u00e9m o direito de ter uma vida digna\u201d via Biblioo https:\/\/t.co\/7y9pmliGoR &mdash; Pedro Andretta (@pedroisandretta) June 28, 2020<\/p><\/div>\n<div class=\"blog-btn\"><a href=\"https:\/\/www.pedroandretta.info\/index\/2020\/06\/por-que-as-bibliotecas-devem-se-envolver-na-tematica-lgbtqia-ha-duas-razo\/\" class=\"home-blog-btn\">Ler mais<\/a><\/p>\n","protected":false},"author":1,"featured_media":6245,"comment_status":"open","ping_status":"open","sticky":false,"template":"","format":"standard","meta":{"_jetpack_memberships_contains_paid_content":false,"footnotes":"","jetpack_publicize_message":"","jetpack_publicize_feature_enabled":true,"jetpack_social_post_already_shared":true,"jetpack_social_options":{"image_generator_settings":{"template":"highway","default_image_id":0,"font":"","enabled":false},"version":2}},"categories":[21],"tags":[38,3508],"class_list":["post-6244","post","type-post","status-publish","format-standard","has-post-thumbnail","hentry","category-informeci","tag-bibliotecas","tag-lgbtqiap"],"jetpack_publicize_connections":[],"jetpack_featured_media_url":"https:\/\/i0.wp.com\/www.pedroandretta.info\/index\/wp-content\/uploads\/2020\/06\/Por-que-as-bibliotecas-devem-se-envolver-na-tematica-LGBTQIA.jpg?fit=1500%2C590&ssl=1","views":"","jetpack_sharing_enabled":true,"_links":{"self":[{"href":"https:\/\/www.pedroandretta.info\/index\/wp-json\/wp\/v2\/posts\/6244","targetHints":{"allow":["GET"]}}],"collection":[{"href":"https:\/\/www.pedroandretta.info\/index\/wp-json\/wp\/v2\/posts"}],"about":[{"href":"https:\/\/www.pedroandretta.info\/index\/wp-json\/wp\/v2\/types\/post"}],"author":[{"embeddable":true,"href":"https:\/\/www.pedroandretta.info\/index\/wp-json\/wp\/v2\/users\/1"}],"replies":[{"embeddable":true,"href":"https:\/\/www.pedroandretta.info\/index\/wp-json\/wp\/v2\/comments?post=6244"}],"version-history":[{"count":0,"href":"https:\/\/www.pedroandretta.info\/index\/wp-json\/wp\/v2\/posts\/6244\/revisions"}],"wp:featuredmedia":[{"embeddable":true,"href":"https:\/\/www.pedroandretta.info\/index\/wp-json\/wp\/v2\/media\/6245"}],"wp:attachment":[{"href":"https:\/\/www.pedroandretta.info\/index\/wp-json\/wp\/v2\/media?parent=6244"}],"wp:term":[{"taxonomy":"category","embeddable":true,"href":"https:\/\/www.pedroandretta.info\/index\/wp-json\/wp\/v2\/categories?post=6244"},{"taxonomy":"post_tag","embeddable":true,"href":"https:\/\/www.pedroandretta.info\/index\/wp-json\/wp\/v2\/tags?post=6244"}],"curies":[{"name":"wp","href":"https:\/\/api.w.org\/{rel}","templated":true}]}}