{"id":6249,"date":"2020-06-28T16:52:04","date_gmt":"2020-06-28T20:52:04","guid":{"rendered":"https:\/\/www.pedroandretta.info\/index\/?p=6249"},"modified":"2020-06-28T16:52:04","modified_gmt":"2020-06-28T20:52:04","slug":"os-muros-de-pedras-erguidos-contra-o-preconceito-e-a-discriminacao-por-carlo","status":"publish","type":"post","link":"https:\/\/www.pedroandretta.info\/index\/2020\/06\/os-muros-de-pedras-erguidos-contra-o-preconceito-e-a-discriminacao-por-carlo\/","title":{"rendered":"Os \u201cmuros de pedras\u201d erguidos contra o #preconceito e a discrimina\u00e7\u00e3o, por Carlo&#8230;"},"content":{"rendered":"<p>[ad_1]<br \/>\n<img data-recalc-dims=\"1\" decoding=\"async\" src=\"https:\/\/i0.wp.com\/www.pedroandretta.info\/index\/wp-content\/uploads\/2020\/06\/Os-%E2%80%9Cmuros-de-pedras%E2%80%9D-erguidos-contra-o-preconceito-e-a.jpg?w=696&#038;ssl=1\"\/><\/p>\n<blockquote class=\"twitter-tweet\">\n<p lang=\"pt\" dir=\"ltr\">Os \u201cmuros de pedras\u201d erguidos contra o <a target=\"_blank\" href=\"https:\/\/twitter.com\/hashtag\/preconceito?src=hash&amp;ref_src=twsrc%5Etfw\" rel=\"noopener noreferrer\">#preconceito<\/a> e a discrimina\u00e7\u00e3o, por Carlos Wellington Martins | Para pensar o \u201cO movimentos de resist\u00eancia <a target=\"_blank\" href=\"https:\/\/twitter.com\/hashtag\/LGBTQ?src=hash&amp;ref_src=twsrc%5Etfw\" rel=\"noopener noreferrer\">#LGBTQ<\/a>+ pr\u00e9-Stonewall e o GT Bibliotecas para a Diversidade e Enfoque de G\u00eanero da <a target=\"_blank\" href=\"https:\/\/twitter.com\/hashtag\/FEBAB?src=hash&amp;ref_src=twsrc%5Etfw\" rel=\"noopener noreferrer\">#FEBAB<\/a> \u201d via  Biblioo <a target=\"_blank\" href=\"https:\/\/t.co\/4BKkKgKZbj\" rel=\"noopener noreferrer\">https:\/\/t.co\/4BKkKgKZbj<\/a><\/p>\n<p>&mdash; Pedro Andretta (@pedroisandretta) <a target=\"_blank\" href=\"https:\/\/twitter.com\/pedroisandretta\/status\/1277344035670241286?ref_src=twsrc%5Etfw\" rel=\"noopener noreferrer\">June 28, 2020<\/a><\/p><\/blockquote>\n<p><script async src=\"https:\/\/platform.twitter.com\/widgets.js\" charset=\"utf-8\"><\/script><\/p>\n<p>[ad_2]<br \/>\n<br \/><a href=\"https:\/\/twitter.com\/pedroisandretta\/statuses\/1277344035670241286\">Fonte<\/a> : Projeto <a href=\"https:\/\/www.pedroandretta.info\/informeci\">Informe-CI<\/a><\/p>\n","protected":false},"excerpt":{"rendered":"<p>[ad_1] Os \u201cmuros de pedras\u201d erguidos contra o #preconceito e a discrimina\u00e7\u00e3o, por Carlos Wellington Martins | Para pensar o \u201cO movimentos de resist\u00eancia #LGBTQ+ pr\u00e9-Stonewall e o GT Bibliotecas para a Diversidade e Enfoque de G\u00eanero da #FEBAB \u201d via Biblioo https:\/\/t.co\/4BKkKgKZbj &mdash; Pedro Andretta (@pedroisandretta) June 28, 2020 [ad_2] Fonte : Projeto Informe-CI<\/p>\n","protected":false},"author":1,"featured_media":6250,"comment_status":"open","ping_status":"open","sticky":false,"template":"","format":"standard","meta":{"_jetpack_newsletter_access":"","_jetpack_dont_email_post_to_subs":false,"_jetpack_newsletter_tier_id":0,"_jetpack_memberships_contains_paywalled_content":false,"_jetpack_feature_clip_id":0,"_jetpack_memberships_contains_paid_content":false,"footnotes":"","jetpack_publicize_message":"","jetpack_publicize_feature_enabled":true,"jetpack_social_post_already_shared":true,"jetpack_social_options":{"image_generator_settings":{"template":"highway","default_image_id":0,"font":"","enabled":false},"version":2},"jetpack_post_was_ever_published":false},"categories":[21],"tags":[597,3508,962],"class_list":["post-6249","post","type-post","status-publish","format-standard","has-post-thumbnail","hentry","category-informeci","tag-febab","tag-lgbtqiap","tag-preconceito"],"jetpack_publicize_connections":[],"jetpack_featured_media_url":"https:\/\/i0.wp.com\/www.pedroandretta.info\/index\/wp-content\/uploads\/2020\/06\/Os-%E2%80%9Cmuros-de-pedras%E2%80%9D-erguidos-contra-o-preconceito-e-a.jpg?fit=1500%2C543&ssl=1","views":"","jetpack_sharing_enabled":true,"_links":{"self":[{"href":"https:\/\/www.pedroandretta.info\/index\/wp-json\/wp\/v2\/posts\/6249","targetHints":{"allow":["GET"]}}],"collection":[{"href":"https:\/\/www.pedroandretta.info\/index\/wp-json\/wp\/v2\/posts"}],"about":[{"href":"https:\/\/www.pedroandretta.info\/index\/wp-json\/wp\/v2\/types\/post"}],"author":[{"embeddable":true,"href":"https:\/\/www.pedroandretta.info\/index\/wp-json\/wp\/v2\/users\/1"}],"replies":[{"embeddable":true,"href":"https:\/\/www.pedroandretta.info\/index\/wp-json\/wp\/v2\/comments?post=6249"}],"version-history":[{"count":0,"href":"https:\/\/www.pedroandretta.info\/index\/wp-json\/wp\/v2\/posts\/6249\/revisions"}],"wp:featuredmedia":[{"embeddable":true,"href":"https:\/\/www.pedroandretta.info\/index\/wp-json\/wp\/v2\/media\/6250"}],"wp:attachment":[{"href":"https:\/\/www.pedroandretta.info\/index\/wp-json\/wp\/v2\/media?parent=6249"}],"wp:term":[{"taxonomy":"category","embeddable":true,"href":"https:\/\/www.pedroandretta.info\/index\/wp-json\/wp\/v2\/categories?post=6249"},{"taxonomy":"post_tag","embeddable":true,"href":"https:\/\/www.pedroandretta.info\/index\/wp-json\/wp\/v2\/tags?post=6249"}],"curies":[{"name":"wp","href":"https:\/\/api.w.org\/{rel}","templated":true}]}}