{"id":6325,"date":"2020-07-04T20:46:41","date_gmt":"2020-07-05T00:46:41","guid":{"rendered":"https:\/\/www.pedroandretta.info\/index\/?p=6325"},"modified":"2020-07-04T20:46:41","modified_gmt":"2020-07-05T00:46:41","slug":"o-livro-e-a-leitura-nas-instalacoes-penitenciarias-2019-a-obra-reune-experie","status":"publish","type":"post","link":"https:\/\/www.pedroandretta.info\/index\/2020\/07\/o-livro-e-a-leitura-nas-instalacoes-penitenciarias-2019-a-obra-reune-experie\/","title":{"rendered":"O livro e a leitura nas instala\u00e7\u00f5es penitenci\u00e1rias (2019) | A obra re\u00fane experi\u00ea&#8230;"},"content":{"rendered":"<p>[ad_1]<\/p>\n<blockquote class=\"twitter-tweet\">\n<p lang=\"pt\" dir=\"ltr\">O livro e a leitura nas instala\u00e7\u00f5es penitenci\u00e1rias (2019) | A obra re\u00fane experi\u00eancias e reflex\u00f5es sobre a <a target=\"_blank\" href=\"https:\/\/twitter.com\/hashtag\/leitura?src=hash&amp;ref_src=twsrc%5Etfw\" rel=\"noopener noreferrer\">#leitura<\/a> em pris\u00f5es e <a target=\"_blank\" href=\"https:\/\/twitter.com\/hashtag\/BibliotecasPrisionais?src=hash&amp;ref_src=twsrc%5Etfw\" rel=\"noopener noreferrer\">#BibliotecasPrisionais<\/a>. O livro \u00e9 resultado de a\u00e7\u00f5es da Rede de Bibliotecas em instala\u00e7\u00f5es penitenci\u00e1rias do Chile via E-LIS <a target=\"_blank\" href=\"https:\/\/t.co\/HCTjrZF8sL\" rel=\"noopener noreferrer\">https:\/\/t.co\/HCTjrZF8sL<\/a> <a target=\"_blank\" href=\"https:\/\/t.co\/jXFNwVPMdM\" rel=\"noopener noreferrer\">pic.twitter.com\/jXFNwVPMdM<\/a><\/p>\n<p>&mdash; Pedro Andretta (@pedroisandretta) <a target=\"_blank\" href=\"https:\/\/twitter.com\/pedroisandretta\/status\/1279577404923617280?ref_src=twsrc%5Etfw\" rel=\"noopener noreferrer\">July 5, 2020<\/a><\/p><\/blockquote>\n<p><script async src=\"https:\/\/platform.twitter.com\/widgets.js\" charset=\"utf-8\"><\/script><\/p>\n<p>[ad_2]<br \/>\n<br \/><a href=\"https:\/\/twitter.com\/pedroisandretta\/statuses\/1279577404923617280\">Fonte<\/a> : Projeto <a href=\"https:\/\/www.pedroandretta.info\/informeci\">Informe-CI<\/a><\/p>\n","protected":false},"excerpt":{"rendered":"<p>[ad_1] O livro e a leitura nas instala\u00e7\u00f5es penitenci\u00e1rias (2019) | A obra re\u00fane experi\u00eancias e reflex\u00f5es sobre a #leitura em pris\u00f5es e #BibliotecasPrisionais. O livro \u00e9 resultado de a\u00e7\u00f5es da Rede de Bibliotecas em instala\u00e7\u00f5es penitenci\u00e1rias do Chile via E-LIS https:\/\/t.co\/HCTjrZF8sL pic.twitter.com\/jXFNwVPMdM &mdash; Pedro Andretta (@pedroisandretta) July 5, 2020 [ad_2] Fonte : Projeto Informe-CI<\/p>\n","protected":false},"author":1,"featured_media":6326,"comment_status":"open","ping_status":"open","sticky":false,"template":"","format":"standard","meta":{"_jetpack_memberships_contains_paid_content":false,"footnotes":"","jetpack_publicize_message":"","jetpack_publicize_feature_enabled":true,"jetpack_social_post_already_shared":true,"jetpack_social_options":{"image_generator_settings":{"template":"highway","default_image_id":0,"font":"","enabled":false},"version":2}},"categories":[21],"tags":[58,157],"class_list":["post-6325","post","type-post","status-publish","format-standard","has-post-thumbnail","hentry","category-informeci","tag-bibliotecasprisionais","tag-leitura"],"jetpack_publicize_connections":[],"jetpack_featured_media_url":"https:\/\/i0.wp.com\/www.pedroandretta.info\/index\/wp-content\/uploads\/2020\/07\/O-livro-e-a-leitura-nas-instalacoes-penitenciarias-2019.jpg?fit=595%2C878&ssl=1","views":"","jetpack_sharing_enabled":true,"_links":{"self":[{"href":"https:\/\/www.pedroandretta.info\/index\/wp-json\/wp\/v2\/posts\/6325","targetHints":{"allow":["GET"]}}],"collection":[{"href":"https:\/\/www.pedroandretta.info\/index\/wp-json\/wp\/v2\/posts"}],"about":[{"href":"https:\/\/www.pedroandretta.info\/index\/wp-json\/wp\/v2\/types\/post"}],"author":[{"embeddable":true,"href":"https:\/\/www.pedroandretta.info\/index\/wp-json\/wp\/v2\/users\/1"}],"replies":[{"embeddable":true,"href":"https:\/\/www.pedroandretta.info\/index\/wp-json\/wp\/v2\/comments?post=6325"}],"version-history":[{"count":0,"href":"https:\/\/www.pedroandretta.info\/index\/wp-json\/wp\/v2\/posts\/6325\/revisions"}],"wp:featuredmedia":[{"embeddable":true,"href":"https:\/\/www.pedroandretta.info\/index\/wp-json\/wp\/v2\/media\/6326"}],"wp:attachment":[{"href":"https:\/\/www.pedroandretta.info\/index\/wp-json\/wp\/v2\/media?parent=6325"}],"wp:term":[{"taxonomy":"category","embeddable":true,"href":"https:\/\/www.pedroandretta.info\/index\/wp-json\/wp\/v2\/categories?post=6325"},{"taxonomy":"post_tag","embeddable":true,"href":"https:\/\/www.pedroandretta.info\/index\/wp-json\/wp\/v2\/tags?post=6325"}],"curies":[{"name":"wp","href":"https:\/\/api.w.org\/{rel}","templated":true}]}}