{"id":6362,"date":"2020-07-07T21:02:40","date_gmt":"2020-07-08T01:02:40","guid":{"rendered":"https:\/\/www.pedroandretta.info\/index\/?p=6362"},"modified":"2020-07-07T21:02:40","modified_gmt":"2020-07-08T01:02:40","slug":"como-falar-sobre-racismo-na-escola-elencar-uma-literatura-de-escritores-neg","status":"publish","type":"post","link":"https:\/\/www.pedroandretta.info\/index\/2020\/07\/como-falar-sobre-racismo-na-escola-elencar-uma-literatura-de-escritores-neg\/","title":{"rendered":"Como falar sobre #racismo na escola | \u201cElencar uma #literatura de escritores neg&#8230;"},"content":{"rendered":"<p>[ad_1]<br \/>\n<img data-recalc-dims=\"1\" decoding=\"async\" src=\"https:\/\/i0.wp.com\/www.pedroandretta.info\/index\/wp-content\/uploads\/2020\/07\/Como-falar-sobre-racismo-na-escola-%E2%80%9CElencar-uma-literatura.jpeg?w=696&#038;ssl=1\"\/><\/p>\n<blockquote class=\"twitter-tweet\">\n<p lang=\"pt\" dir=\"ltr\">Como falar sobre <a target=\"_blank\" href=\"https:\/\/twitter.com\/hashtag\/racismo?src=hash&amp;ref_src=twsrc%5Etfw\" rel=\"noopener noreferrer\">#racismo<\/a> na escola | \u201cElencar uma <a target=\"_blank\" href=\"https:\/\/twitter.com\/hashtag\/literatura?src=hash&amp;ref_src=twsrc%5Etfw\" rel=\"noopener noreferrer\">#literatura<\/a> de escritores negros, que valoriza a cultura negra, tende a fazer com que os estudantes cres\u00e7am com esses pensamentos n\u00e3o-discriminat\u00f3rios\u201d <a target=\"_blank\" href=\"https:\/\/twitter.com\/hashtag\/Educa%C3%A7%C3%A3o?src=hash&amp;ref_src=twsrc%5Etfw\" rel=\"noopener noreferrer\">#Educa\u00e7\u00e3o<\/a>  via Desafios da Educa\u00e7\u00e3o \/ GrupoA <a target=\"_blank\" href=\"https:\/\/t.co\/GcEufmcDww\" rel=\"noopener noreferrer\">https:\/\/t.co\/GcEufmcDww<\/a><\/p>\n<p>&mdash; Pedro Andretta (@pedroisandretta) <a target=\"_blank\" href=\"https:\/\/twitter.com\/pedroisandretta\/status\/1280668593278070784?ref_src=twsrc%5Etfw\" rel=\"noopener noreferrer\">July 8, 2020<\/a><\/p><\/blockquote>\n<p><script async src=\"https:\/\/platform.twitter.com\/widgets.js\" charset=\"utf-8\"><\/script><\/p>\n<p>[ad_2]<br \/>\n<br \/><a href=\"https:\/\/twitter.com\/pedroisandretta\/statuses\/1280668593278070784\">Fonte<\/a> : Projeto <a href=\"https:\/\/www.pedroandretta.info\/informeci\">Informe-CI<\/a><\/p>\n","protected":false},"excerpt":{"rendered":"<p>[ad_1] Como falar sobre #racismo na escola | \u201cElencar uma #literatura de escritores negros, que valoriza a cultura negra, tende a fazer com que os estudantes cres\u00e7am com esses pensamentos n\u00e3o-discriminat\u00f3rios\u201d #Educa\u00e7\u00e3o via Desafios da Educa\u00e7\u00e3o \/ GrupoA https:\/\/t.co\/GcEufmcDww &mdash; Pedro Andretta (@pedroisandretta) July 8, 2020 [ad_2] Fonte : Projeto Informe-CI<\/p>\n","protected":false},"author":1,"featured_media":6363,"comment_status":"open","ping_status":"open","sticky":false,"template":"","format":"standard","meta":{"_jetpack_memberships_contains_paid_content":false,"footnotes":"","jetpack_publicize_message":"","jetpack_publicize_feature_enabled":true,"jetpack_social_post_already_shared":true,"jetpack_social_options":{"image_generator_settings":{"template":"highway","default_image_id":0,"font":"","enabled":false},"version":2}},"categories":[21],"tags":[45,150,247],"class_list":["post-6362","post","type-post","status-publish","format-standard","has-post-thumbnail","hentry","category-informeci","tag-educacao","tag-literatura","tag-racismo"],"jetpack_publicize_connections":[],"jetpack_featured_media_url":"https:\/\/i0.wp.com\/www.pedroandretta.info\/index\/wp-content\/uploads\/2020\/07\/Como-falar-sobre-racismo-na-escola-%E2%80%9CElencar-uma-literatura.jpeg?fit=1150%2C719&ssl=1","views":"","jetpack_sharing_enabled":true,"_links":{"self":[{"href":"https:\/\/www.pedroandretta.info\/index\/wp-json\/wp\/v2\/posts\/6362","targetHints":{"allow":["GET"]}}],"collection":[{"href":"https:\/\/www.pedroandretta.info\/index\/wp-json\/wp\/v2\/posts"}],"about":[{"href":"https:\/\/www.pedroandretta.info\/index\/wp-json\/wp\/v2\/types\/post"}],"author":[{"embeddable":true,"href":"https:\/\/www.pedroandretta.info\/index\/wp-json\/wp\/v2\/users\/1"}],"replies":[{"embeddable":true,"href":"https:\/\/www.pedroandretta.info\/index\/wp-json\/wp\/v2\/comments?post=6362"}],"version-history":[{"count":0,"href":"https:\/\/www.pedroandretta.info\/index\/wp-json\/wp\/v2\/posts\/6362\/revisions"}],"wp:featuredmedia":[{"embeddable":true,"href":"https:\/\/www.pedroandretta.info\/index\/wp-json\/wp\/v2\/media\/6363"}],"wp:attachment":[{"href":"https:\/\/www.pedroandretta.info\/index\/wp-json\/wp\/v2\/media?parent=6362"}],"wp:term":[{"taxonomy":"category","embeddable":true,"href":"https:\/\/www.pedroandretta.info\/index\/wp-json\/wp\/v2\/categories?post=6362"},{"taxonomy":"post_tag","embeddable":true,"href":"https:\/\/www.pedroandretta.info\/index\/wp-json\/wp\/v2\/tags?post=6362"}],"curies":[{"name":"wp","href":"https:\/\/api.w.org\/{rel}","templated":true}]}}