{"id":6370,"date":"2020-07-08T18:20:46","date_gmt":"2020-07-08T22:20:46","guid":{"rendered":"https:\/\/www.pedroandretta.info\/index\/?p=6370"},"modified":"2020-07-08T18:20:46","modified_gmt":"2020-07-08T22:20:46","slug":"educacao-inclusiva-e-nao-deixar-ninguem-para-tras-nos-paises-de-rendimentos-m","status":"publish","type":"post","link":"https:\/\/www.pedroandretta.info\/index\/2020\/07\/educacao-inclusiva-e-nao-deixar-ninguem-para-tras-nos-paises-de-rendimentos-m\/","title":{"rendered":"#Educa\u00e7\u00e3o inclusiva \u00e9 n\u00e3o deixar ningu\u00e9m para tr\u00e1s| \u201dNos pa\u00edses de rendimentos m&#8230;"},"content":{"rendered":"<p>[ad_1]<\/p>\n<blockquote class=\"twitter-tweet\">\n<p lang=\"pt\" dir=\"ltr\"><a target=\"_blank\" href=\"https:\/\/twitter.com\/hashtag\/Educa%C3%A7%C3%A3o?src=hash&amp;ref_src=twsrc%5Etfw\" rel=\"noopener noreferrer\">#Educa\u00e7\u00e3o<\/a> inclusiva \u00e9 n\u00e3o deixar ningu\u00e9m para tr\u00e1s| \u201dNos pa\u00edses de rendimentos m\u00e9dios, apenas tr\u00eas quartos dos adolescentes permanecem na escola aos 15 anos. Destes, s\u00f3 metade aprende o b\u00e1sico, e tem sido assim nos \u00faltimos 15 anos\u201c <a target=\"_blank\" href=\"https:\/\/twitter.com\/hashtag\/Agenda2030?src=hash&amp;ref_src=twsrc%5Etfw\" rel=\"noopener noreferrer\">#Agenda2030<\/a> via Educare <a target=\"_blank\" href=\"https:\/\/t.co\/QXx4qjC7H9\" rel=\"noopener noreferrer\">https:\/\/t.co\/QXx4qjC7H9<\/a><\/p>\n<p>&mdash; Pedro Andretta (@pedroisandretta) <a target=\"_blank\" href=\"https:\/\/twitter.com\/pedroisandretta\/status\/1280990234822545408?ref_src=twsrc%5Etfw\" rel=\"noopener noreferrer\">July 8, 2020<\/a><\/p><\/blockquote>\n<p><script async src=\"https:\/\/platform.twitter.com\/widgets.js\" charset=\"utf-8\"><\/script><\/p>\n<p>[ad_2]<br \/>\n<br \/><a href=\"https:\/\/twitter.com\/pedroisandretta\/statuses\/1280990234822545408\">Fonte<\/a> : Projeto <a href=\"https:\/\/www.pedroandretta.info\/informeci\">Informe-CI<\/a><\/p>\n","protected":false},"excerpt":{"rendered":"<p>[ad_1] #Educa\u00e7\u00e3o inclusiva \u00e9 n\u00e3o deixar ningu\u00e9m para tr\u00e1s| \u201dNos pa\u00edses de rendimentos m\u00e9dios, apenas tr\u00eas quartos dos adolescentes permanecem na escola aos 15 anos. Destes, s\u00f3 metade aprende o b\u00e1sico, e tem sido assim nos \u00faltimos 15 anos\u201c #Agenda2030 via Educare https:\/\/t.co\/QXx4qjC7H9 &mdash; Pedro Andretta (@pedroisandretta) July 8, 2020 [ad_2] Fonte : Projeto Informe-CI<\/p>\n","protected":false},"author":1,"featured_media":0,"comment_status":"open","ping_status":"open","sticky":false,"template":"","format":"standard","meta":{"_jetpack_memberships_contains_paid_content":false,"footnotes":"","jetpack_publicize_message":"","jetpack_publicize_feature_enabled":true,"jetpack_social_post_already_shared":true,"jetpack_social_options":{"image_generator_settings":{"template":"highway","default_image_id":0,"font":"","enabled":false},"version":2}},"categories":[21],"tags":[638,45],"class_list":["post-6370","post","type-post","status-publish","format-standard","hentry","category-informeci","tag-agenda2030","tag-educacao"],"jetpack_publicize_connections":[],"jetpack_featured_media_url":"","views":"","jetpack_sharing_enabled":true,"_links":{"self":[{"href":"https:\/\/www.pedroandretta.info\/index\/wp-json\/wp\/v2\/posts\/6370","targetHints":{"allow":["GET"]}}],"collection":[{"href":"https:\/\/www.pedroandretta.info\/index\/wp-json\/wp\/v2\/posts"}],"about":[{"href":"https:\/\/www.pedroandretta.info\/index\/wp-json\/wp\/v2\/types\/post"}],"author":[{"embeddable":true,"href":"https:\/\/www.pedroandretta.info\/index\/wp-json\/wp\/v2\/users\/1"}],"replies":[{"embeddable":true,"href":"https:\/\/www.pedroandretta.info\/index\/wp-json\/wp\/v2\/comments?post=6370"}],"version-history":[{"count":0,"href":"https:\/\/www.pedroandretta.info\/index\/wp-json\/wp\/v2\/posts\/6370\/revisions"}],"wp:attachment":[{"href":"https:\/\/www.pedroandretta.info\/index\/wp-json\/wp\/v2\/media?parent=6370"}],"wp:term":[{"taxonomy":"category","embeddable":true,"href":"https:\/\/www.pedroandretta.info\/index\/wp-json\/wp\/v2\/categories?post=6370"},{"taxonomy":"post_tag","embeddable":true,"href":"https:\/\/www.pedroandretta.info\/index\/wp-json\/wp\/v2\/tags?post=6370"}],"curies":[{"name":"wp","href":"https:\/\/api.w.org\/{rel}","templated":true}]}}