{"id":6371,"date":"2020-07-08T18:29:33","date_gmt":"2020-07-08T22:29:33","guid":{"rendered":"https:\/\/www.pedroandretta.info\/index\/?p=6371"},"modified":"2020-07-08T18:29:33","modified_gmt":"2020-07-08T22:29:33","slug":"relatorio-de-monitoramento-global-da-educacao-resumo-2020-inclusao-e-educa","status":"publish","type":"post","link":"https:\/\/www.pedroandretta.info\/index\/2020\/07\/relatorio-de-monitoramento-global-da-educacao-resumo-2020-inclusao-e-educa\/","title":{"rendered":"Relat\u00f3rio de Monitoramento Global da Educa\u00e7\u00e3o \u2013 resumo, 2020: #Inclus\u00e3o e #educa&#8230;"},"content":{"rendered":"<p>[ad_1]<\/p>\n<blockquote class=\"twitter-tweet\">\n<p lang=\"pt\" dir=\"ltr\">Relat\u00f3rio de Monitoramento Global da Educa\u00e7\u00e3o \u2013 resumo, 2020: <a target=\"_blank\" href=\"https:\/\/twitter.com\/hashtag\/Inclus%C3%A3o?src=hash&amp;ref_src=twsrc%5Etfw\" rel=\"noopener noreferrer\">#Inclus\u00e3o<\/a> e <a target=\"_blank\" href=\"https:\/\/twitter.com\/hashtag\/educa%C3%A7%C3%A3o?src=hash&amp;ref_src=twsrc%5Etfw\" rel=\"noopener noreferrer\">#educa\u00e7\u00e3o<\/a> : todos, sem exce\u00e7\u00e3o | \u201cEste Relat\u00f3rio identifica diferentes formas de <a target=\"_blank\" href=\"https:\/\/twitter.com\/hashtag\/exclus%C3%A3o?src=hash&amp;ref_src=twsrc%5Etfw\" rel=\"noopener noreferrer\">#exclus\u00e3o<\/a>, como elas s\u00e3o causadas e o que podemos fazer a respeito.\u201d <a target=\"_blank\" href=\"https:\/\/twitter.com\/hashtag\/Agenda2030?src=hash&amp;ref_src=twsrc%5Etfw\" rel=\"noopener noreferrer\">#Agenda2030<\/a> via UNESCO <a target=\"_blank\" href=\"https:\/\/t.co\/onmu0EcfhZ\" rel=\"noopener noreferrer\">https:\/\/t.co\/onmu0EcfhZ<\/a><\/p>\n<p>&mdash; Pedro Andretta (@pedroisandretta) <a target=\"_blank\" href=\"https:\/\/twitter.com\/pedroisandretta\/status\/1280992446474850310?ref_src=twsrc%5Etfw\" rel=\"noopener noreferrer\">July 8, 2020<\/a><\/p><\/blockquote>\n<p><script async src=\"https:\/\/platform.twitter.com\/widgets.js\" charset=\"utf-8\"><\/script><\/p>\n<p>[ad_2]<br \/>\n<br \/><a href=\"https:\/\/twitter.com\/pedroisandretta\/statuses\/1280992446474850310\">Fonte<\/a> : Projeto <a href=\"https:\/\/www.pedroandretta.info\/informeci\">Informe-CI<\/a><\/p>\n","protected":false},"excerpt":{"rendered":"<p>[ad_1] Relat\u00f3rio de Monitoramento Global da Educa\u00e7\u00e3o \u2013 resumo, 2020: #Inclus\u00e3o e #educa\u00e7\u00e3o : todos, sem exce\u00e7\u00e3o | \u201cEste Relat\u00f3rio identifica diferentes formas de #exclus\u00e3o, como elas s\u00e3o causadas e o que podemos fazer a respeito.\u201d #Agenda2030 via UNESCO https:\/\/t.co\/onmu0EcfhZ &mdash; Pedro Andretta (@pedroisandretta) July 8, 2020 [ad_2] Fonte : Projeto Informe-CI<\/p>\n","protected":false},"author":1,"featured_media":0,"comment_status":"open","ping_status":"open","sticky":false,"template":"","format":"standard","meta":{"_jetpack_memberships_contains_paid_content":false,"footnotes":"","jetpack_publicize_message":"","jetpack_publicize_feature_enabled":true,"jetpack_social_post_already_shared":true,"jetpack_social_options":{"image_generator_settings":{"template":"highway","default_image_id":0,"font":"","enabled":false},"version":2}},"categories":[21],"tags":[638,45,1100,850],"class_list":["post-6371","post","type-post","status-publish","format-standard","hentry","category-informeci","tag-agenda2030","tag-educacao","tag-exclusao","tag-inclusao"],"jetpack_publicize_connections":[],"jetpack_featured_media_url":"","views":"","jetpack_sharing_enabled":true,"_links":{"self":[{"href":"https:\/\/www.pedroandretta.info\/index\/wp-json\/wp\/v2\/posts\/6371","targetHints":{"allow":["GET"]}}],"collection":[{"href":"https:\/\/www.pedroandretta.info\/index\/wp-json\/wp\/v2\/posts"}],"about":[{"href":"https:\/\/www.pedroandretta.info\/index\/wp-json\/wp\/v2\/types\/post"}],"author":[{"embeddable":true,"href":"https:\/\/www.pedroandretta.info\/index\/wp-json\/wp\/v2\/users\/1"}],"replies":[{"embeddable":true,"href":"https:\/\/www.pedroandretta.info\/index\/wp-json\/wp\/v2\/comments?post=6371"}],"version-history":[{"count":0,"href":"https:\/\/www.pedroandretta.info\/index\/wp-json\/wp\/v2\/posts\/6371\/revisions"}],"wp:attachment":[{"href":"https:\/\/www.pedroandretta.info\/index\/wp-json\/wp\/v2\/media?parent=6371"}],"wp:term":[{"taxonomy":"category","embeddable":true,"href":"https:\/\/www.pedroandretta.info\/index\/wp-json\/wp\/v2\/categories?post=6371"},{"taxonomy":"post_tag","embeddable":true,"href":"https:\/\/www.pedroandretta.info\/index\/wp-json\/wp\/v2\/tags?post=6371"}],"curies":[{"name":"wp","href":"https:\/\/api.w.org\/{rel}","templated":true}]}}