{"id":6439,"date":"2020-07-13T19:07:36","date_gmt":"2020-07-13T23:07:36","guid":{"rendered":"https:\/\/www.pedroandretta.info\/index\/?p=6439"},"modified":"2020-07-13T19:07:36","modified_gmt":"2020-07-13T23:07:36","slug":"museu-da-lingua-portuguesa-estimula-escrita-para-lidar-com-a-pandemia-projet","status":"publish","type":"post","link":"https:\/\/www.pedroandretta.info\/index\/2020\/07\/museu-da-lingua-portuguesa-estimula-escrita-para-lidar-com-a-pandemia-projet\/","title":{"rendered":"Museu da L\u00edngua Portuguesa estimula #escrita para lidar com a pandemia | \u201cProjet&#8230;"},"content":{"rendered":"<p>[ad_1]<\/p>\n<blockquote class=\"twitter-tweet\">\n<p lang=\"pt\" dir=\"ltr\">Museu da L\u00edngua Portuguesa estimula <a target=\"_blank\" href=\"https:\/\/twitter.com\/hashtag\/escrita?src=hash&amp;ref_src=twsrc%5Etfw\" rel=\"noopener noreferrer\">#escrita<\/a> para lidar com a pandemia | \u201cProjeto \u201cPalavra no Agora\u201d consiste em exerc\u00edcios de escrita, textos inspiradores e informa\u00e7\u00f5es de servi\u00e7os de apoio para quem est\u00e1 enfrentando <a target=\"_blank\" href=\"https:\/\/twitter.com\/hashtag\/luto?src=hash&amp;ref_src=twsrc%5Etfw\" rel=\"noopener noreferrer\">#luto<\/a> ou ang\u00fastia\u201d via Galileu <a target=\"_blank\" href=\"https:\/\/t.co\/yqTWMyuJfz\" rel=\"noopener noreferrer\">https:\/\/t.co\/yqTWMyuJfz<\/a><\/p>\n<p>&mdash; Pedro Andretta (@pedroisandretta) <a target=\"_blank\" href=\"https:\/\/twitter.com\/pedroisandretta\/status\/1282813960593514499?ref_src=twsrc%5Etfw\" rel=\"noopener noreferrer\">July 13, 2020<\/a><\/p><\/blockquote>\n<p><script async src=\"https:\/\/platform.twitter.com\/widgets.js\" charset=\"utf-8\"><\/script><\/p>\n<p>[ad_2]<br \/>\n<br \/><a href=\"https:\/\/twitter.com\/pedroisandretta\/statuses\/1282813960593514499\">Fonte<\/a> : Projeto <a href=\"https:\/\/www.pedroandretta.info\/informeci\">Informe-CI<\/a><\/p>\n","protected":false},"excerpt":{"rendered":"<p>[ad_1] Museu da L\u00edngua Portuguesa estimula #escrita para lidar com a pandemia | \u201cProjeto \u201cPalavra no Agora\u201d consiste em exerc\u00edcios de escrita, textos inspiradores e informa\u00e7\u00f5es de servi\u00e7os de apoio para quem est\u00e1 enfrentando #luto ou ang\u00fastia\u201d via Galileu https:\/\/t.co\/yqTWMyuJfz &mdash; Pedro Andretta (@pedroisandretta) July 13, 2020 [ad_2] Fonte : Projeto Informe-CI<\/p>\n","protected":false},"author":1,"featured_media":0,"comment_status":"open","ping_status":"open","sticky":false,"template":"","format":"standard","meta":{"_jetpack_memberships_contains_paid_content":false,"footnotes":"","jetpack_publicize_message":"","jetpack_publicize_feature_enabled":true,"jetpack_social_post_already_shared":true,"jetpack_social_options":{"image_generator_settings":{"template":"highway","default_image_id":0,"font":"","enabled":false},"version":2}},"categories":[21],"tags":[346,655],"class_list":["post-6439","post","type-post","status-publish","format-standard","hentry","category-informeci","tag-escrita","tag-luto"],"jetpack_publicize_connections":[],"jetpack_featured_media_url":"","views":"","jetpack_sharing_enabled":true,"_links":{"self":[{"href":"https:\/\/www.pedroandretta.info\/index\/wp-json\/wp\/v2\/posts\/6439","targetHints":{"allow":["GET"]}}],"collection":[{"href":"https:\/\/www.pedroandretta.info\/index\/wp-json\/wp\/v2\/posts"}],"about":[{"href":"https:\/\/www.pedroandretta.info\/index\/wp-json\/wp\/v2\/types\/post"}],"author":[{"embeddable":true,"href":"https:\/\/www.pedroandretta.info\/index\/wp-json\/wp\/v2\/users\/1"}],"replies":[{"embeddable":true,"href":"https:\/\/www.pedroandretta.info\/index\/wp-json\/wp\/v2\/comments?post=6439"}],"version-history":[{"count":0,"href":"https:\/\/www.pedroandretta.info\/index\/wp-json\/wp\/v2\/posts\/6439\/revisions"}],"wp:attachment":[{"href":"https:\/\/www.pedroandretta.info\/index\/wp-json\/wp\/v2\/media?parent=6439"}],"wp:term":[{"taxonomy":"category","embeddable":true,"href":"https:\/\/www.pedroandretta.info\/index\/wp-json\/wp\/v2\/categories?post=6439"},{"taxonomy":"post_tag","embeddable":true,"href":"https:\/\/www.pedroandretta.info\/index\/wp-json\/wp\/v2\/tags?post=6439"}],"curies":[{"name":"wp","href":"https:\/\/api.w.org\/{rel}","templated":true}]}}