{"id":6462,"date":"2020-07-16T01:10:59","date_gmt":"2020-07-16T05:10:59","guid":{"rendered":"https:\/\/www.pedroandretta.info\/index\/?p=6462"},"modified":"2020-07-16T01:10:59","modified_gmt":"2020-07-16T05:10:59","slug":"arquivo-de-publicacoes-da-fundacion-santillana-vale-a-pena-conferir-esses-ebo","status":"publish","type":"post","link":"https:\/\/www.pedroandretta.info\/index\/2020\/07\/arquivo-de-publicacoes-da-fundacion-santillana-vale-a-pena-conferir-esses-ebo\/","title":{"rendered":"Arquivo de publica\u00e7\u00f5es da  Fundaci\u00f3n Santillana | Vale a pena conferir esses ebo&#8230;"},"content":{"rendered":"<p>[ad_1]<\/p>\n<blockquote class=\"twitter-tweet\">\n<p lang=\"pt\" dir=\"ltr\">Arquivo de publica\u00e7\u00f5es da  Fundaci\u00f3n Santillana | Vale a pena conferir esses ebooks sobre <a target=\"_blank\" href=\"https:\/\/twitter.com\/hashtag\/Educa%C3%A7%C3%A3o?src=hash&amp;ref_src=twsrc%5Etfw\" rel=\"noopener noreferrer\">#Educa\u00e7\u00e3o<\/a> ! Materiais todos em Espanhol, mas s\u00e3o uma \u00f3tima op\u00e7\u00e3o para compreender a Educa\u00e7\u00e3o e as exig\u00eancias e <a target=\"_blank\" href=\"https:\/\/twitter.com\/hashtag\/habilidades?src=hash&amp;ref_src=twsrc%5Etfw\" rel=\"noopener noreferrer\">#habilidades<\/a> para o s\u00e9culo XXI.  <a target=\"_blank\" href=\"https:\/\/t.co\/JbhXKcdhqC\" rel=\"noopener noreferrer\">https:\/\/t.co\/JbhXKcdhqC<\/a><\/p>\n<p>&mdash; Pedro Andretta (@pedroisandretta) <a target=\"_blank\" href=\"https:\/\/twitter.com\/pedroisandretta\/status\/1283630185494073346?ref_src=twsrc%5Etfw\" rel=\"noopener noreferrer\">July 16, 2020<\/a><\/p><\/blockquote>\n<p><script async src=\"https:\/\/platform.twitter.com\/widgets.js\" charset=\"utf-8\"><\/script><\/p>\n<p>[ad_2]<br \/>\n<br \/><a href=\"https:\/\/twitter.com\/pedroisandretta\/statuses\/1283630185494073346\">Fonte<\/a> : Projeto <a href=\"https:\/\/www.pedroandretta.info\/informeci\">Informe-CI<\/a><\/p>\n","protected":false},"excerpt":{"rendered":"<p>[ad_1] Arquivo de publica\u00e7\u00f5es da Fundaci\u00f3n Santillana | Vale a pena conferir esses ebooks sobre #Educa\u00e7\u00e3o ! Materiais todos em Espanhol, mas s\u00e3o uma \u00f3tima op\u00e7\u00e3o para compreender a Educa\u00e7\u00e3o e as exig\u00eancias e #habilidades para o s\u00e9culo XXI. https:\/\/t.co\/JbhXKcdhqC &mdash; Pedro Andretta (@pedroisandretta) July 16, 2020 [ad_2] Fonte : Projeto Informe-CI<\/p>\n","protected":false},"author":1,"featured_media":0,"comment_status":"open","ping_status":"open","sticky":false,"template":"","format":"standard","meta":{"_jetpack_memberships_contains_paid_content":false,"footnotes":"","jetpack_publicize_message":"","jetpack_publicize_feature_enabled":true,"jetpack_social_post_already_shared":true,"jetpack_social_options":{"image_generator_settings":{"template":"highway","default_image_id":0,"font":"","enabled":false},"version":2}},"categories":[21],"tags":[45,1142],"class_list":["post-6462","post","type-post","status-publish","format-standard","hentry","category-informeci","tag-educacao","tag-habilidades"],"jetpack_publicize_connections":[],"jetpack_featured_media_url":"","views":"","jetpack_sharing_enabled":true,"_links":{"self":[{"href":"https:\/\/www.pedroandretta.info\/index\/wp-json\/wp\/v2\/posts\/6462","targetHints":{"allow":["GET"]}}],"collection":[{"href":"https:\/\/www.pedroandretta.info\/index\/wp-json\/wp\/v2\/posts"}],"about":[{"href":"https:\/\/www.pedroandretta.info\/index\/wp-json\/wp\/v2\/types\/post"}],"author":[{"embeddable":true,"href":"https:\/\/www.pedroandretta.info\/index\/wp-json\/wp\/v2\/users\/1"}],"replies":[{"embeddable":true,"href":"https:\/\/www.pedroandretta.info\/index\/wp-json\/wp\/v2\/comments?post=6462"}],"version-history":[{"count":0,"href":"https:\/\/www.pedroandretta.info\/index\/wp-json\/wp\/v2\/posts\/6462\/revisions"}],"wp:attachment":[{"href":"https:\/\/www.pedroandretta.info\/index\/wp-json\/wp\/v2\/media?parent=6462"}],"wp:term":[{"taxonomy":"category","embeddable":true,"href":"https:\/\/www.pedroandretta.info\/index\/wp-json\/wp\/v2\/categories?post=6462"},{"taxonomy":"post_tag","embeddable":true,"href":"https:\/\/www.pedroandretta.info\/index\/wp-json\/wp\/v2\/tags?post=6462"}],"curies":[{"name":"wp","href":"https:\/\/api.w.org\/{rel}","templated":true}]}}