{"id":6463,"date":"2020-07-16T01:19:52","date_gmt":"2020-07-16T05:19:52","guid":{"rendered":"https:\/\/www.pedroandretta.info\/index\/?p=6463"},"modified":"2020-07-16T01:19:52","modified_gmt":"2020-07-16T05:19:52","slug":"economiacriativa-chega-a-perder-90-de-faturamento-durante-pandemia-segundo","status":"publish","type":"post","link":"https:\/\/www.pedroandretta.info\/index\/2020\/07\/economiacriativa-chega-a-perder-90-de-faturamento-durante-pandemia-segundo\/","title":{"rendered":"#EconomiaCriativa chega a perder 90% de faturamento durante pandemia | \u201cSegundo &#8230;"},"content":{"rendered":"<p>[ad_1]<br \/>\n<img data-recalc-dims=\"1\" decoding=\"async\" src=\"https:\/\/i0.wp.com\/www.pedroandretta.info\/index\/wp-content\/uploads\/2020\/07\/EconomiaCriativa-chega-a-perder-90-de-faturamento-durante-pandemia.jpg?w=696&#038;ssl=1\"\/><\/p>\n<blockquote class=\"twitter-tweet\">\n<p lang=\"pt\" dir=\"ltr\"><a target=\"_blank\" href=\"https:\/\/twitter.com\/hashtag\/EconomiaCriativa?src=hash&amp;ref_src=twsrc%5Etfw\" rel=\"noopener noreferrer\">#EconomiaCriativa<\/a> chega a perder 90% de faturamento durante pandemia | \u201cSegundo a pesquisa, este resultado \u00e9 fortemente influenciado pela natureza das atividades do setor, que ocorrem com a presen\u00e7a f\u00edsica e demanda o contato pessoal\u201d <a target=\"_blank\" href=\"https:\/\/twitter.com\/hashtag\/covid19?src=hash&amp;ref_src=twsrc%5Etfw\" rel=\"noopener noreferrer\">#covid19<\/a> via Biblioo <a target=\"_blank\" href=\"https:\/\/t.co\/2ZBra1g2bO\" rel=\"noopener noreferrer\">https:\/\/t.co\/2ZBra1g2bO<\/a><\/p>\n<p>&mdash; Pedro Andretta (@pedroisandretta) <a target=\"_blank\" href=\"https:\/\/twitter.com\/pedroisandretta\/status\/1283632419296485376?ref_src=twsrc%5Etfw\" rel=\"noopener noreferrer\">July 16, 2020<\/a><\/p><\/blockquote>\n<p><script async src=\"https:\/\/platform.twitter.com\/widgets.js\" charset=\"utf-8\"><\/script><\/p>\n<p>[ad_2]<br \/>\n<br \/><a href=\"https:\/\/twitter.com\/pedroisandretta\/statuses\/1283632419296485376\">Fonte<\/a> : Projeto <a href=\"https:\/\/www.pedroandretta.info\/informeci\">Informe-CI<\/a><\/p>\n","protected":false},"excerpt":{"rendered":"<p>[ad_1] #EconomiaCriativa chega a perder 90% de faturamento durante pandemia | \u201cSegundo a pesquisa, este resultado \u00e9 fortemente influenciado pela natureza das atividades do setor, que ocorrem com a presen\u00e7a f\u00edsica e demanda o contato pessoal\u201d #covid19 via Biblioo https:\/\/t.co\/2ZBra1g2bO &mdash; Pedro Andretta (@pedroisandretta) July 16, 2020 [ad_2] Fonte : Projeto Informe-CI<\/p>\n","protected":false},"author":1,"featured_media":6464,"comment_status":"open","ping_status":"open","sticky":false,"template":"","format":"standard","meta":{"_jetpack_memberships_contains_paid_content":false,"footnotes":"","jetpack_publicize_message":"","jetpack_publicize_feature_enabled":true,"jetpack_social_post_already_shared":true,"jetpack_social_options":{"image_generator_settings":{"template":"highway","default_image_id":0,"font":"","enabled":false},"version":2}},"categories":[21],"tags":[618,1143],"class_list":["post-6463","post","type-post","status-publish","format-standard","has-post-thumbnail","hentry","category-informeci","tag-covid19","tag-economiacriativa"],"jetpack_publicize_connections":[],"jetpack_featured_media_url":"https:\/\/i0.wp.com\/www.pedroandretta.info\/index\/wp-content\/uploads\/2020\/07\/EconomiaCriativa-chega-a-perder-90-de-faturamento-durante-pandemia.jpg?fit=1000%2C550&ssl=1","views":"","jetpack_sharing_enabled":true,"_links":{"self":[{"href":"https:\/\/www.pedroandretta.info\/index\/wp-json\/wp\/v2\/posts\/6463","targetHints":{"allow":["GET"]}}],"collection":[{"href":"https:\/\/www.pedroandretta.info\/index\/wp-json\/wp\/v2\/posts"}],"about":[{"href":"https:\/\/www.pedroandretta.info\/index\/wp-json\/wp\/v2\/types\/post"}],"author":[{"embeddable":true,"href":"https:\/\/www.pedroandretta.info\/index\/wp-json\/wp\/v2\/users\/1"}],"replies":[{"embeddable":true,"href":"https:\/\/www.pedroandretta.info\/index\/wp-json\/wp\/v2\/comments?post=6463"}],"version-history":[{"count":0,"href":"https:\/\/www.pedroandretta.info\/index\/wp-json\/wp\/v2\/posts\/6463\/revisions"}],"wp:featuredmedia":[{"embeddable":true,"href":"https:\/\/www.pedroandretta.info\/index\/wp-json\/wp\/v2\/media\/6464"}],"wp:attachment":[{"href":"https:\/\/www.pedroandretta.info\/index\/wp-json\/wp\/v2\/media?parent=6463"}],"wp:term":[{"taxonomy":"category","embeddable":true,"href":"https:\/\/www.pedroandretta.info\/index\/wp-json\/wp\/v2\/categories?post=6463"},{"taxonomy":"post_tag","embeddable":true,"href":"https:\/\/www.pedroandretta.info\/index\/wp-json\/wp\/v2\/tags?post=6463"}],"curies":[{"name":"wp","href":"https:\/\/api.w.org\/{rel}","templated":true}]}}