{"id":6467,"date":"2020-07-16T01:27:32","date_gmt":"2020-07-16T05:27:32","guid":{"rendered":"https:\/\/www.pedroandretta.info\/index\/?p=6467"},"modified":"2020-07-16T01:27:32","modified_gmt":"2020-07-16T05:27:32","slug":"unicamp-lanca-revista-internacional-de-extensao-universitaria-esse-e-o-conce","status":"publish","type":"post","link":"https:\/\/www.pedroandretta.info\/index\/2020\/07\/unicamp-lanca-revista-internacional-de-extensao-universitaria-esse-e-o-conce\/","title":{"rendered":"Unicamp lan\u00e7a revista internacional de #Extens\u00e3o universit\u00e1ria | \u201cEsse \u00e9 o conce&#8230;"},"content":{"rendered":"<p>[ad_1]<br \/>\n<img decoding=\"async\" src=\"https:\/\/www.unicamp.br\"\/><\/p>\n<blockquote class=\"twitter-tweet\">\n<p lang=\"pt\" dir=\"ltr\">Unicamp lan\u00e7a revista internacional de <a target=\"_blank\" href=\"https:\/\/twitter.com\/hashtag\/Extens%C3%A3o?src=hash&amp;ref_src=twsrc%5Etfw\" rel=\"noopener noreferrer\">#Extens\u00e3o<\/a> universit\u00e1ria | \u201cEsse \u00e9 o conceito de extens\u00e3o, levar a Universidade a atender \u00e0s demandas da sociedade. Ouvir a <a target=\"_blank\" href=\"https:\/\/twitter.com\/hashtag\/sociedade?src=hash&amp;ref_src=twsrc%5Etfw\" rel=\"noopener noreferrer\">#sociedade<\/a> e reagir aqui dentro da <a target=\"_blank\" href=\"https:\/\/twitter.com\/hashtag\/Universidade?src=hash&amp;ref_src=twsrc%5Etfw\" rel=\"noopener noreferrer\">#Universidade<\/a> [&#8230;]\u201d via Unicamp  <a target=\"_blank\" href=\"https:\/\/t.co\/LmGe8fVgst\" rel=\"noopener noreferrer\">https:\/\/t.co\/LmGe8fVgst<\/a><\/p>\n<p>&mdash; Pedro Andretta (@pedroisandretta) <a target=\"_blank\" href=\"https:\/\/twitter.com\/pedroisandretta\/status\/1283634350697975809?ref_src=twsrc%5Etfw\" rel=\"noopener noreferrer\">July 16, 2020<\/a><\/p><\/blockquote>\n<p><script async src=\"https:\/\/platform.twitter.com\/widgets.js\" charset=\"utf-8\"><\/script><\/p>\n<p>[ad_2]<br \/>\n<br \/><a href=\"https:\/\/twitter.com\/pedroisandretta\/statuses\/1283634350697975809\">Fonte<\/a> : Projeto <a href=\"https:\/\/www.pedroandretta.info\/informeci\">Informe-CI<\/a><\/p>\n","protected":false},"excerpt":{"rendered":"<p>[ad_1] Unicamp lan\u00e7a revista internacional de #Extens\u00e3o universit\u00e1ria | \u201cEsse \u00e9 o conceito de extens\u00e3o, levar a Universidade a atender \u00e0s demandas da sociedade. Ouvir a #sociedade e reagir aqui dentro da #Universidade [&#8230;]\u201d via Unicamp https:\/\/t.co\/LmGe8fVgst &mdash; Pedro Andretta (@pedroisandretta) July 16, 2020 [ad_2] Fonte : Projeto Informe-CI<\/p>\n","protected":false},"author":1,"featured_media":0,"comment_status":"open","ping_status":"open","sticky":false,"template":"","format":"standard","meta":{"_jetpack_memberships_contains_paid_content":false,"footnotes":"","jetpack_publicize_message":"","jetpack_publicize_feature_enabled":true,"jetpack_social_post_already_shared":true,"jetpack_social_options":{"image_generator_settings":{"template":"highway","default_image_id":0,"font":"","enabled":false},"version":2}},"categories":[21],"tags":[1145,544,29],"class_list":["post-6467","post","type-post","status-publish","format-standard","hentry","category-informeci","tag-extensao","tag-sociedade","tag-universidades"],"jetpack_publicize_connections":[],"jetpack_featured_media_url":"","views":"","jetpack_sharing_enabled":true,"_links":{"self":[{"href":"https:\/\/www.pedroandretta.info\/index\/wp-json\/wp\/v2\/posts\/6467","targetHints":{"allow":["GET"]}}],"collection":[{"href":"https:\/\/www.pedroandretta.info\/index\/wp-json\/wp\/v2\/posts"}],"about":[{"href":"https:\/\/www.pedroandretta.info\/index\/wp-json\/wp\/v2\/types\/post"}],"author":[{"embeddable":true,"href":"https:\/\/www.pedroandretta.info\/index\/wp-json\/wp\/v2\/users\/1"}],"replies":[{"embeddable":true,"href":"https:\/\/www.pedroandretta.info\/index\/wp-json\/wp\/v2\/comments?post=6467"}],"version-history":[{"count":0,"href":"https:\/\/www.pedroandretta.info\/index\/wp-json\/wp\/v2\/posts\/6467\/revisions"}],"wp:attachment":[{"href":"https:\/\/www.pedroandretta.info\/index\/wp-json\/wp\/v2\/media?parent=6467"}],"wp:term":[{"taxonomy":"category","embeddable":true,"href":"https:\/\/www.pedroandretta.info\/index\/wp-json\/wp\/v2\/categories?post=6467"},{"taxonomy":"post_tag","embeddable":true,"href":"https:\/\/www.pedroandretta.info\/index\/wp-json\/wp\/v2\/tags?post=6467"}],"curies":[{"name":"wp","href":"https:\/\/api.w.org\/{rel}","templated":true}]}}