{"id":6470,"date":"2020-07-16T01:17:44","date_gmt":"2020-07-16T05:17:44","guid":{"rendered":"https:\/\/www.pedroandretta.info\/index\/?p=6470"},"modified":"2020-07-16T01:17:44","modified_gmt":"2020-07-16T05:17:44","slug":"relatorio-da-nemo-sobre-digitalizacao-e-direitosautorais-os-museus-devem-s","status":"publish","type":"post","link":"https:\/\/www.pedroandretta.info\/index\/2020\/07\/relatorio-da-nemo-sobre-digitalizacao-e-direitosautorais-os-museus-devem-s\/","title":{"rendered":"Relat\u00f3rio da NEMO sobre #digitaliza\u00e7\u00e3o e #DireitosAutorais | \u201cOs #museus devem s&#8230;"},"content":{"rendered":"<p>[ad_1]<br \/>\n<img data-recalc-dims=\"1\" decoding=\"async\" src=\"https:\/\/i0.wp.com\/www.pedroandretta.info\/index\/wp-content\/uploads\/2020\/07\/Relatorio-da-NEMO-sobre-digitalizacao-e-DireitosAutorais-%E2%80%9COs-museus.jpg?w=696&#038;ssl=1\"\/><\/p>\n<blockquote class=\"twitter-tweet\">\n<p lang=\"pt\" dir=\"ltr\">Relat\u00f3rio da NEMO sobre <a target=\"_blank\" href=\"https:\/\/twitter.com\/hashtag\/digitaliza%C3%A7%C3%A3o?src=hash&amp;ref_src=twsrc%5Etfw\" rel=\"noopener noreferrer\">#digitaliza\u00e7\u00e3o<\/a> e <a target=\"_blank\" href=\"https:\/\/twitter.com\/hashtag\/DireitosAutorais?src=hash&amp;ref_src=twsrc%5Etfw\" rel=\"noopener noreferrer\">#DireitosAutorais<\/a> | \u201cOs <a target=\"_blank\" href=\"https:\/\/twitter.com\/hashtag\/museus?src=hash&amp;ref_src=twsrc%5Etfw\" rel=\"noopener noreferrer\">#museus<\/a> devem ser considerados institui\u00e7\u00f5es educacionais e, portanto, devem ser permitidas exce\u00e7\u00f5es e limita\u00e7\u00f5es aos direitos autorais que beneficiam as institui\u00e7\u00f5es educacionais\u201d \ud83c\uddfa\ud83c\uddf8 via NEMO <a target=\"_blank\" href=\"https:\/\/t.co\/j0awMLnJMm\" rel=\"noopener noreferrer\">https:\/\/t.co\/j0awMLnJMm<\/a><\/p>\n<p>&mdash; Pedro Andretta (@pedroisandretta) <a target=\"_blank\" href=\"https:\/\/twitter.com\/pedroisandretta\/status\/1283631884392697856?ref_src=twsrc%5Etfw\" rel=\"noopener noreferrer\">July 16, 2020<\/a><\/p><\/blockquote>\n<p><script async src=\"https:\/\/platform.twitter.com\/widgets.js\" charset=\"utf-8\"><\/script><\/p>\n<p>[ad_2]<br \/>\n<br \/><a href=\"https:\/\/twitter.com\/pedroisandretta\/statuses\/1283631884392697856\">Fonte<\/a> : Projeto <a href=\"https:\/\/www.pedroandretta.info\/informeci\">Informe-CI<\/a><\/p>\n","protected":false},"excerpt":{"rendered":"<p>[ad_1] Relat\u00f3rio da NEMO sobre #digitaliza\u00e7\u00e3o e #DireitosAutorais | \u201cOs #museus devem ser considerados institui\u00e7\u00f5es educacionais e, portanto, devem ser permitidas exce\u00e7\u00f5es e limita\u00e7\u00f5es aos direitos autorais que beneficiam as institui\u00e7\u00f5es educacionais\u201d \ud83c\uddfa\ud83c\uddf8 via NEMO https:\/\/t.co\/j0awMLnJMm &mdash; Pedro Andretta (@pedroisandretta) July 16, 2020 [ad_2] Fonte : Projeto Informe-CI<\/p>\n","protected":false},"author":1,"featured_media":6471,"comment_status":"open","ping_status":"open","sticky":false,"template":"","format":"standard","meta":{"_jetpack_memberships_contains_paid_content":false,"footnotes":"","jetpack_publicize_message":"","jetpack_publicize_feature_enabled":true,"jetpack_social_post_already_shared":true,"jetpack_social_options":{"image_generator_settings":{"template":"highway","default_image_id":0,"font":"","enabled":false},"version":2}},"categories":[21],"tags":[354,301,34],"class_list":["post-6470","post","type-post","status-publish","format-standard","has-post-thumbnail","hentry","category-informeci","tag-digitalizacao","tag-direitosautorais","tag-museus"],"jetpack_publicize_connections":[],"jetpack_featured_media_url":"https:\/\/i0.wp.com\/www.pedroandretta.info\/index\/wp-content\/uploads\/2020\/07\/Relatorio-da-NEMO-sobre-digitalizacao-e-DireitosAutorais-%E2%80%9COs-museus.jpg?fit=500%2C282&ssl=1","views":"","jetpack_sharing_enabled":true,"_links":{"self":[{"href":"https:\/\/www.pedroandretta.info\/index\/wp-json\/wp\/v2\/posts\/6470","targetHints":{"allow":["GET"]}}],"collection":[{"href":"https:\/\/www.pedroandretta.info\/index\/wp-json\/wp\/v2\/posts"}],"about":[{"href":"https:\/\/www.pedroandretta.info\/index\/wp-json\/wp\/v2\/types\/post"}],"author":[{"embeddable":true,"href":"https:\/\/www.pedroandretta.info\/index\/wp-json\/wp\/v2\/users\/1"}],"replies":[{"embeddable":true,"href":"https:\/\/www.pedroandretta.info\/index\/wp-json\/wp\/v2\/comments?post=6470"}],"version-history":[{"count":0,"href":"https:\/\/www.pedroandretta.info\/index\/wp-json\/wp\/v2\/posts\/6470\/revisions"}],"wp:featuredmedia":[{"embeddable":true,"href":"https:\/\/www.pedroandretta.info\/index\/wp-json\/wp\/v2\/media\/6471"}],"wp:attachment":[{"href":"https:\/\/www.pedroandretta.info\/index\/wp-json\/wp\/v2\/media?parent=6470"}],"wp:term":[{"taxonomy":"category","embeddable":true,"href":"https:\/\/www.pedroandretta.info\/index\/wp-json\/wp\/v2\/categories?post=6470"},{"taxonomy":"post_tag","embeddable":true,"href":"https:\/\/www.pedroandretta.info\/index\/wp-json\/wp\/v2\/tags?post=6470"}],"curies":[{"name":"wp","href":"https:\/\/api.w.org\/{rel}","templated":true}]}}