{"id":6484,"date":"2020-07-17T14:36:52","date_gmt":"2020-07-17T18:36:52","guid":{"rendered":"https:\/\/www.pedroandretta.info\/index\/?p=6484"},"modified":"2020-07-17T14:36:52","modified_gmt":"2020-07-17T18:36:52","slug":"os-jovens-e-o-futuro-e-preocupante-os-dados-indicam-que-apenas-356-das-cri","status":"publish","type":"post","link":"https:\/\/www.pedroandretta.info\/index\/2020\/07\/os-jovens-e-o-futuro-e-preocupante-os-dados-indicam-que-apenas-356-das-cri\/","title":{"rendered":"Os jovens e o futuro | \u00c9 preocupante! Os dados indicam que apenas 35,6% das #cri&#8230;"},"content":{"rendered":"<p>[ad_1]<br \/>\n<img data-recalc-dims=\"1\" decoding=\"async\" src=\"https:\/\/i0.wp.com\/www.pedroandretta.info\/index\/wp-content\/uploads\/2020\/07\/Os-jovens-e-o-futuro-E-preocupante-Os-dados.jpg?w=696&#038;ssl=1\"\/><\/p>\n<blockquote class=\"twitter-tweet\">\n<p lang=\"pt\" dir=\"ltr\">Os jovens e o futuro | \u00c9 preocupante! Os dados indicam que apenas 35,6% das <a target=\"_blank\" href=\"https:\/\/twitter.com\/hashtag\/crian%C3%A7as?src=hash&amp;ref_src=twsrc%5Etfw\" rel=\"noopener noreferrer\">#crian\u00e7as<\/a> de 0 a 3 anos est\u00e3o matriculadas em  creches e entre os <a target=\"_blank\" href=\"https:\/\/twitter.com\/hashtag\/jovens?src=hash&amp;ref_src=twsrc%5Etfw\" rel=\"noopener noreferrer\">#jovens<\/a> , de 15 a 17 anos, s\u00f3 89,2% est\u00e3o na escola! <a target=\"_blank\" href=\"https:\/\/twitter.com\/hashtag\/Educa%C3%A7%C3%A3o?src=hash&amp;ref_src=twsrc%5Etfw\" rel=\"noopener noreferrer\">#Educa\u00e7\u00e3o<\/a>  via Folha <a target=\"_blank\" href=\"https:\/\/t.co\/qo6NF95186\" rel=\"noopener noreferrer\">https:\/\/t.co\/qo6NF95186<\/a><\/p>\n<p>&mdash; Pedro Andretta (@pedroisandretta) <a target=\"_blank\" href=\"https:\/\/twitter.com\/pedroisandretta\/status\/1284195380041785351?ref_src=twsrc%5Etfw\" rel=\"noopener noreferrer\">July 17, 2020<\/a><\/p><\/blockquote>\n<p><script async src=\"https:\/\/platform.twitter.com\/widgets.js\" charset=\"utf-8\"><\/script><\/p>\n<p>[ad_2]<br \/>\n<br \/><a href=\"https:\/\/twitter.com\/pedroisandretta\/statuses\/1284195380041785351\">Fonte<\/a> : Projeto <a href=\"https:\/\/www.pedroandretta.info\/informeci\">Informe-CI<\/a><\/p>\n","protected":false},"excerpt":{"rendered":"<p>[ad_1] Os jovens e o futuro | \u00c9 preocupante! Os dados indicam que apenas 35,6% das #crian\u00e7as de 0 a 3 anos est\u00e3o matriculadas em creches e entre os #jovens , de 15 a 17 anos, s\u00f3 89,2% est\u00e3o na escola! #Educa\u00e7\u00e3o via Folha https:\/\/t.co\/qo6NF95186 &mdash; Pedro Andretta (@pedroisandretta) July 17, 2020 [ad_2] Fonte :<\/p><\/div>\n<div class=\"blog-btn\"><a href=\"https:\/\/www.pedroandretta.info\/index\/2020\/07\/os-jovens-e-o-futuro-e-preocupante-os-dados-indicam-que-apenas-356-das-cri\/\" class=\"home-blog-btn\">Ler mais<\/a><\/p>\n","protected":false},"author":1,"featured_media":6485,"comment_status":"open","ping_status":"open","sticky":false,"template":"","format":"standard","meta":{"_jetpack_memberships_contains_paid_content":false,"footnotes":"","jetpack_publicize_message":"","jetpack_publicize_feature_enabled":true,"jetpack_social_post_already_shared":true,"jetpack_social_options":{"image_generator_settings":{"template":"highway","default_image_id":0,"font":"","enabled":false},"version":2}},"categories":[21],"tags":[147,45,524],"class_list":["post-6484","post","type-post","status-publish","format-standard","has-post-thumbnail","hentry","category-informeci","tag-criancas","tag-educacao","tag-jovens"],"jetpack_publicize_connections":[],"jetpack_featured_media_url":"https:\/\/i0.wp.com\/www.pedroandretta.info\/index\/wp-content\/uploads\/2020\/07\/Os-jovens-e-o-futuro-E-preocupante-Os-dados.jpg?fit=2400%2C1599&ssl=1","views":"","jetpack_sharing_enabled":true,"_links":{"self":[{"href":"https:\/\/www.pedroandretta.info\/index\/wp-json\/wp\/v2\/posts\/6484","targetHints":{"allow":["GET"]}}],"collection":[{"href":"https:\/\/www.pedroandretta.info\/index\/wp-json\/wp\/v2\/posts"}],"about":[{"href":"https:\/\/www.pedroandretta.info\/index\/wp-json\/wp\/v2\/types\/post"}],"author":[{"embeddable":true,"href":"https:\/\/www.pedroandretta.info\/index\/wp-json\/wp\/v2\/users\/1"}],"replies":[{"embeddable":true,"href":"https:\/\/www.pedroandretta.info\/index\/wp-json\/wp\/v2\/comments?post=6484"}],"version-history":[{"count":0,"href":"https:\/\/www.pedroandretta.info\/index\/wp-json\/wp\/v2\/posts\/6484\/revisions"}],"wp:featuredmedia":[{"embeddable":true,"href":"https:\/\/www.pedroandretta.info\/index\/wp-json\/wp\/v2\/media\/6485"}],"wp:attachment":[{"href":"https:\/\/www.pedroandretta.info\/index\/wp-json\/wp\/v2\/media?parent=6484"}],"wp:term":[{"taxonomy":"category","embeddable":true,"href":"https:\/\/www.pedroandretta.info\/index\/wp-json\/wp\/v2\/categories?post=6484"},{"taxonomy":"post_tag","embeddable":true,"href":"https:\/\/www.pedroandretta.info\/index\/wp-json\/wp\/v2\/tags?post=6484"}],"curies":[{"name":"wp","href":"https:\/\/api.w.org\/{rel}","templated":true}]}}