{"id":6492,"date":"2020-07-17T18:24:32","date_gmt":"2020-07-17T22:24:32","guid":{"rendered":"https:\/\/www.pedroandretta.info\/index\/?p=6492"},"modified":"2020-07-17T18:24:32","modified_gmt":"2020-07-17T22:24:32","slug":"lancada-edicao-da-aib-studi-da-associazione-italiana-biblioteche-bibliotecas","status":"publish","type":"post","link":"https:\/\/www.pedroandretta.info\/index\/2020\/07\/lancada-edicao-da-aib-studi-da-associazione-italiana-biblioteche-bibliotecas\/","title":{"rendered":"Lan\u00e7ada edi\u00e7\u00e3o da AIB Studi, da Associazione italiana biblioteche | #Bibliotecas&#8230;"},"content":{"rendered":"<p>[ad_1]<\/p>\n<blockquote class=\"twitter-tweet\">\n<p lang=\"pt\" dir=\"ltr\">Lan\u00e7ada edi\u00e7\u00e3o da AIB Studi, da Associazione italiana biblioteche | <a target=\"_blank\" href=\"https:\/\/twitter.com\/hashtag\/BibliotecasP%C3%BAblicas?src=hash&amp;ref_src=twsrc%5Etfw\" rel=\"noopener noreferrer\">#BibliotecasP\u00fablicas<\/a> <a target=\"_blank\" href=\"https:\/\/twitter.com\/hashtag\/BibliotecasUniversit%C3%A1rias?src=hash&amp;ref_src=twsrc%5Etfw\" rel=\"noopener noreferrer\">#BibliotecasUniversit\u00e1rias<\/a> <a target=\"_blank\" href=\"https:\/\/twitter.com\/hashtag\/Cole%C3%A7%C3%B5esEspeciais?src=hash&amp;ref_src=twsrc%5Etfw\" rel=\"noopener noreferrer\">#Cole\u00e7\u00f5esEspeciais<\/a>  <a target=\"_blank\" href=\"https:\/\/twitter.com\/hashtag\/AcessoAberto?src=hash&amp;ref_src=twsrc%5Etfw\" rel=\"noopener noreferrer\">#AcessoAberto<\/a> <a target=\"_blank\" href=\"https:\/\/twitter.com\/hashtag\/Pandemia?src=hash&amp;ref_src=twsrc%5Etfw\" rel=\"noopener noreferrer\">#Pandemia<\/a> <a target=\"_blank\" href=\"https:\/\/twitter.com\/hashtag\/Covid19?src=hash&amp;ref_src=twsrc%5Etfw\" rel=\"noopener noreferrer\">#Covid19<\/a> <a target=\"_blank\" href=\"https:\/\/twitter.com\/hashtag\/MercadoEditorial?src=hash&amp;ref_src=twsrc%5Etfw\" rel=\"noopener noreferrer\">#MercadoEditorial<\/a> <a target=\"_blank\" href=\"https:\/\/twitter.com\/hashtag\/It%C3%A1lia?src=hash&amp;ref_src=twsrc%5Etfw\" rel=\"noopener noreferrer\">#It\u00e1lia<\/a>   <a target=\"_blank\" href=\"https:\/\/twitter.com\/hashtag\/RevistasCI?src=hash&amp;ref_src=twsrc%5Etfw\" rel=\"noopener noreferrer\">#RevistasCI<\/a>  <a target=\"_blank\" href=\"https:\/\/t.co\/d8jt5UyBNu\" rel=\"noopener noreferrer\">https:\/\/t.co\/d8jt5UyBNu<\/a> <a target=\"_blank\" href=\"https:\/\/t.co\/nqpyTsenet\" rel=\"noopener noreferrer\">pic.twitter.com\/nqpyTsenet<\/a><\/p>\n<p>&mdash; Pedro Andretta (@pedroisandretta) <a target=\"_blank\" href=\"https:\/\/twitter.com\/pedroisandretta\/status\/1284252673303285762?ref_src=twsrc%5Etfw\" rel=\"noopener noreferrer\">July 17, 2020<\/a><\/p><\/blockquote>\n<p><script async src=\"https:\/\/platform.twitter.com\/widgets.js\" charset=\"utf-8\"><\/script><\/p>\n<p>[ad_2]<br \/>\n<br \/><a href=\"https:\/\/twitter.com\/pedroisandretta\/statuses\/1284252673303285762\">Fonte<\/a> : Projeto <a href=\"https:\/\/www.pedroandretta.info\/informeci\">Informe-CI<\/a><\/p>\n","protected":false},"excerpt":{"rendered":"<p>[ad_1] Lan\u00e7ada edi\u00e7\u00e3o da AIB Studi, da Associazione italiana biblioteche | #BibliotecasP\u00fablicas #BibliotecasUniversit\u00e1rias #Cole\u00e7\u00f5esEspeciais #AcessoAberto #Pandemia #Covid19 #MercadoEditorial #It\u00e1lia #RevistasCI https:\/\/t.co\/d8jt5UyBNu pic.twitter.com\/nqpyTsenet &mdash; Pedro Andretta (@pedroisandretta) July 17, 2020 [ad_2] Fonte : Projeto Informe-CI<\/p>\n","protected":false},"author":1,"featured_media":6493,"comment_status":"open","ping_status":"open","sticky":false,"template":"","format":"standard","meta":{"_jetpack_memberships_contains_paid_content":false,"footnotes":"","jetpack_publicize_message":"","jetpack_publicize_feature_enabled":true,"jetpack_social_post_already_shared":true,"jetpack_social_options":{"image_generator_settings":{"template":"highway","default_image_id":0,"font":"","enabled":false},"version":2}},"categories":[21],"tags":[320,39,114,1151,618,1152,367,629,196],"class_list":["post-6492","post","type-post","status-publish","format-standard","has-post-thumbnail","hentry","category-informeci","tag-acessoaberto","tag-bibliotecaspublicas","tag-bibliotecasuniversitarias","tag-colecoesespeciais","tag-covid19","tag-italia","tag-mercadoeditorial","tag-pandemia","tag-revistasci"],"jetpack_publicize_connections":[],"jetpack_featured_media_url":"https:\/\/i0.wp.com\/www.pedroandretta.info\/index\/wp-content\/uploads\/2020\/07\/Lancada-edicao-da-AIB-Studi-da-Associazione-italiana-biblioteche.jpg?fit=640%2C960&ssl=1","views":"","jetpack_sharing_enabled":true,"_links":{"self":[{"href":"https:\/\/www.pedroandretta.info\/index\/wp-json\/wp\/v2\/posts\/6492","targetHints":{"allow":["GET"]}}],"collection":[{"href":"https:\/\/www.pedroandretta.info\/index\/wp-json\/wp\/v2\/posts"}],"about":[{"href":"https:\/\/www.pedroandretta.info\/index\/wp-json\/wp\/v2\/types\/post"}],"author":[{"embeddable":true,"href":"https:\/\/www.pedroandretta.info\/index\/wp-json\/wp\/v2\/users\/1"}],"replies":[{"embeddable":true,"href":"https:\/\/www.pedroandretta.info\/index\/wp-json\/wp\/v2\/comments?post=6492"}],"version-history":[{"count":0,"href":"https:\/\/www.pedroandretta.info\/index\/wp-json\/wp\/v2\/posts\/6492\/revisions"}],"wp:featuredmedia":[{"embeddable":true,"href":"https:\/\/www.pedroandretta.info\/index\/wp-json\/wp\/v2\/media\/6493"}],"wp:attachment":[{"href":"https:\/\/www.pedroandretta.info\/index\/wp-json\/wp\/v2\/media?parent=6492"}],"wp:term":[{"taxonomy":"category","embeddable":true,"href":"https:\/\/www.pedroandretta.info\/index\/wp-json\/wp\/v2\/categories?post=6492"},{"taxonomy":"post_tag","embeddable":true,"href":"https:\/\/www.pedroandretta.info\/index\/wp-json\/wp\/v2\/tags?post=6492"}],"curies":[{"name":"wp","href":"https:\/\/api.w.org\/{rel}","templated":true}]}}